{"id":1099,"date":"2015-04-01T23:31:02","date_gmt":"2015-04-01T21:31:02","guid":{"rendered":"http:\/\/www.act-ermont.fr\/?p=1099"},"modified":"2015-04-01T23:31:02","modified_gmt":"2015-04-01T21:31:02","slug":"poussins-de-paques-edition-2015-rassemblement-blancviolet-pour-les-enfants-nees-en-20092010","status":"publish","type":"post","link":"https:\/\/act-ermont.fr\/?p=1099","title":{"rendered":"Poussins de P\u00e2ques \u00e9dition 2015 &#8211; Rassemblement blanc\/violet pour les enfants n\u00e9(e)s en 2009\/2010"},"content":{"rendered":"<p>Retrouvez les vid\u00e9os et photos de la journ\u00e9e des poussins de P\u00e2ques 2015.<\/p>\n<p><!--more--><\/p>\n<h1>La vid\u00e9o<\/h1>\n<p><iframe loading=\"lazy\" title=\"Les poussins de Pa\u0302ques 2015  - dimanche 12 avril\" width=\"500\" height=\"281\" src=\"https:\/\/www.youtube.com\/embed\/SfvpdE2Tg3c?feature=oembed\" frameborder=\"0\" allow=\"accelerometer; autoplay; clipboard-write; encrypted-media; gyroscope; picture-in-picture; web-share\" referrerpolicy=\"strict-origin-when-cross-origin\" allowfullscreen><\/iframe><\/p>\n<h1>Les photos<\/h1>\n<p>L&rsquo;<a href=\"https:\/\/plus.google.com\/photos\/114510832728708759385\/albums\/6136973470046908721\">album photo<\/a> de l&rsquo;\u00e9v\u00e9nement, \u00e9galement disponible dans la <a href=\"https:\/\/plus.google.com\/114510832728708759385\/photos\">galerie photo du club<\/a>.<\/p>\n<h1>Le descriptif<\/h1>\n<p>Le 12\/04\/2015 de\u00a09H30 \u00e0 16H au <a title=\"Nos installations\" href=\"http:\/\/www.act-ermont.fr\/?p=463\">complexe RAOUL DAUTRY,<\/a>\u00a0participation de\u00a012\u20ac (repas compris). Ouvert \u00e0 tous les enfants (licenci\u00e9 du club ou licenci\u00e9 ext\u00e9rieur).<\/p>\n<p>Bonjour,<\/p>\n<p>Dans le cadre de la r\u00e9forme f\u00e9d\u00e9rale de l\u2019enseignement, le club de tennis d\u2019Ermont vous propose une comp\u00e9tition p\u00e9dagogique \u00ab open \u00bb: <strong>les \u00abpoussins de P\u00e2ques \u00bb<\/strong> format blanc\/violet !<\/p>\n<p>Cet \u00e9v\u00e8nement se d\u00e9roulera le Dimanche 12 Avril 2015 (de 9h30 \u00e0 16h00)<\/p>\n<p>Inscriptions souhait\u00e9es avant le 1<sup>er<\/sup> avril.<\/p>\n<p>&nbsp;<\/p>\n<p>Bien sportivement,<\/p>\n<p>INSCRIPTIONS AUPRES DE JC LUCCHINI : 06 86 71 41 48 ou lucchini.jean-<br \/>\nclaude@wanadoo.fr<\/p>\n<p><a href=\"https:\/\/act-ermont.fr\/wp-content\/uploads\/2015\/04\/poussins-de-paques-2015-1.pdf\">Affiche des poussins de paques 2015<\/a><\/p>\n<p>&nbsp;<\/p>\n","protected":false},"excerpt":{"rendered":"<div class=\"mh-excerpt\"><p>Retrouvez les vid\u00e9os et photos de la journ\u00e9e des poussins de P\u00e2ques 2015.<\/p>\n<\/div>","protected":false},"author":3,"featured_media":1149,"comment_status":"closed","ping_status":"closed","sticky":false,"template":"","format":"standard","meta":{"footnotes":""},"categories":[14],"tags":[],"class_list":{"0":"post-1099","1":"post","2":"type-post","3":"status-publish","4":"format-standard","5":"has-post-thumbnail","7":"category-les-poussins-de-paques"},"_links":{"self":[{"href":"https:\/\/act-ermont.fr\/index.php?rest_route=\/wp\/v2\/posts\/1099","targetHints":{"allow":["GET"]}}],"collection":[{"href":"https:\/\/act-ermont.fr\/index.php?rest_route=\/wp\/v2\/posts"}],"about":[{"href":"https:\/\/act-ermont.fr\/index.php?rest_route=\/wp\/v2\/types\/post"}],"author":[{"embeddable":true,"href":"https:\/\/act-ermont.fr\/index.php?rest_route=\/wp\/v2\/users\/3"}],"replies":[{"embeddable":true,"href":"https:\/\/act-ermont.fr\/index.php?rest_route=%2Fwp%2Fv2%2Fcomments&post=1099"}],"version-history":[{"count":0,"href":"https:\/\/act-ermont.fr\/index.php?rest_route=\/wp\/v2\/posts\/1099\/revisions"}],"wp:featuredmedia":[{"embeddable":true,"href":"https:\/\/act-ermont.fr\/index.php?rest_route=\/wp\/v2\/media\/1149"}],"wp:attachment":[{"href":"https:\/\/act-ermont.fr\/index.php?rest_route=%2Fwp%2Fv2%2Fmedia&parent=1099"}],"wp:term":[{"taxonomy":"category","embeddable":true,"href":"https:\/\/act-ermont.fr\/index.php?rest_route=%2Fwp%2Fv2%2Fcategories&post=1099"},{"taxonomy":"post_tag","embeddable":true,"href":"https:\/\/act-ermont.fr\/index.php?rest_route=%2Fwp%2Fv2%2Ftags&post=1099"}],"curies":[{"name":"wp","href":"https:\/\/api.w.org\/{rel}","templated":true}]}}