{"id":2171,"date":"2017-07-10T19:19:10","date_gmt":"2017-07-10T17:19:10","guid":{"rendered":"http:\/\/www.act-ermont.fr\/?p=2171"},"modified":"2017-07-10T19:19:10","modified_gmt":"2017-07-10T17:19:10","slug":"palmares-tournoi-ermont-open-seniorsseniors-2017","status":"publish","type":"post","link":"https:\/\/act-ermont.fr\/?p=2171","title":{"rendered":"PALMARES TOURNOI ERMONT OPEN SENIORS\/SENIORS + 2017"},"content":{"rendered":"<p>Cette ann\u00e9e encore, le tournoi d&rsquo;Ermont s&rsquo;est d\u00e9roul\u00e9e parfaitement, esquivant les conditions climatiques compliqu\u00e9es certains jours et a connu des finales engag\u00e9es et pleines de suspense. Un grand bravo \u00e0 l&rsquo;organisation en commen\u00e7ant par le juge-arbitre Jean-Claude Lucchini, ainsi que l&rsquo;ensemble du comit\u00e9 directeur et surtout, \u00e0 tous les supporters venus encourager lors de ces 15 jours de comp\u00e9tition les joueurs!<\/p>\n<p><span style=\"text-decoration: underline;\"><span style=\"color: #ff0000;\"><strong>Voici le palmar\u00e8s 2017 de l&rsquo;Open d&rsquo;Ermont:<\/strong><\/span><\/span><\/p>\n<p><strong><span style=\"color: #0000ff;\">S\u00e9niors Messieurs<\/span><\/strong><\/p>\n<p><strong>Loick Bruandet<\/strong> (-2\/6 &#8211; Cesson Sevigne) bat <strong>Robin Bailly<\/strong> (-2\/6 &#8211; Bois Guillaume USC) <strong>4\/6 6\/4 6\/2<\/strong><\/p>\n<p><img loading=\"lazy\" decoding=\"async\" class=\"alignleft wp-image-2172\" src=\"http:\/\/act-ermont.fr\/wp-content\/uploads\/2017\/07\/19961213_1254355814686313_8921324805902347633_n-1.jpg\" alt=\"19961213_1254355814686313_8921324805902347633_n\" width=\"251\" height=\"251\" srcset=\"https:\/\/act-ermont.fr\/wp-content\/uploads\/2017\/07\/19961213_1254355814686313_8921324805902347633_n-1.jpg 960w, https:\/\/act-ermont.fr\/wp-content\/uploads\/2017\/07\/19961213_1254355814686313_8921324805902347633_n-1-300x300.jpg 300w, https:\/\/act-ermont.fr\/wp-content\/uploads\/2017\/07\/19961213_1254355814686313_8921324805902347633_n-1-150x150.jpg 150w, https:\/\/act-ermont.fr\/wp-content\/uploads\/2017\/07\/19961213_1254355814686313_8921324805902347633_n-1-768x768.jpg 768w\" sizes=\"auto, (max-width: 251px) 100vw, 251px\" \/><\/p>\n<p>&nbsp;<\/p>\n<p>&nbsp;<\/p>\n<p>&nbsp;<\/p>\n<p>&nbsp;<\/p>\n<p>&nbsp;<\/p>\n<p>&nbsp;<\/p>\n<p>&nbsp;<\/p>\n<p>&nbsp;<\/p>\n<p><span style=\"color: #ff00ff;\"><strong>S\u00e9niors Dames<\/strong><\/span><\/p>\n<p><strong>Magalie Portel<\/strong> (2\/6 &#8211; Act Ermont Tennis) bat Lucie Lesecq (0 &#8211; ACT Ermont) 6\/1 0\/6 6\/3<\/p>\n<p><img loading=\"lazy\" decoding=\"async\" class=\"alignleft wp-image-2173\" src=\"https:\/\/act-ermont.fr\/wp-content\/uploads\/2017\/07\/19989531_1254355821352979_5060364017255483211_n-1-1.jpg\" alt=\"19989531_1254355821352979_5060364017255483211_n\" width=\"260\" height=\"260\" \/><\/p>\n<p>&nbsp;<\/p>\n<p>&nbsp;<\/p>\n<p>&nbsp;<\/p>\n<p>&nbsp;<\/p>\n<p>&nbsp;<\/p>\n<p>&nbsp;<\/p>\n<p>&nbsp;<\/p>\n<p>&nbsp;<\/p>\n<p><span style=\"color: #ff00ff;\"><strong>S\u00e9niors Dames<\/strong><\/span> <strong><span style=\"color: #ff00ff;\">+35<\/span><\/strong><\/p>\n<p><strong>Irene Dos Santos<\/strong> (30\/1 &#8211; Csme Tennis) bat <strong>Annie Almadori<\/strong> (15\/4 &#8211; Csme Tennis) <strong>6\/2 7\/5<\/strong><\/p>\n<p><img loading=\"lazy\" decoding=\"async\" class=\"alignleft wp-image-2174\" src=\"http:\/\/act-ermont.fr\/wp-content\/uploads\/2017\/07\/19959015_1254355861352975_4163287233787449161_n-2.jpg\" alt=\"19959015_1254355861352975_4163287233787449161_n\" width=\"265\" height=\"265\" \/><\/p>\n<p>&nbsp;<\/p>\n<p>&nbsp;<\/p>\n<p>&nbsp;<\/p>\n<p>&nbsp;<\/p>\n<p>&nbsp;<\/p>\n<p>&nbsp;<\/p>\n<p>&nbsp;<\/p>\n<p>&nbsp;<\/p>\n<p>&nbsp;<\/p>\n<p><strong><span style=\"color: #0000ff;\">S\u00e9niors Messieurs<\/span><\/strong> <span style=\"color: #0000ff;\"><strong>+35<\/strong><\/span><\/p>\n<p><strong>Cedric Peron<\/strong> (5\/6 &#8211; Act Ermont) bat <strong>Stephane Baury<\/strong> (5\/6 &#8211; Tennis Club Vaureal) <strong>6\/3 6\/4<\/strong><\/p>\n<p><img loading=\"lazy\" decoding=\"async\" class=\"alignleft wp-image-2175\" src=\"https:\/\/act-ermont.fr\/wp-content\/uploads\/2017\/07\/20046642_1254355854686309_3443857830997410058_n-1-1.jpg\" alt=\"20046642_1254355854686309_3443857830997410058_n\" width=\"295\" height=\"221\" \/><\/p>\n<p>&nbsp;<\/p>\n<p>&nbsp;<\/p>\n<p>&nbsp;<\/p>\n<p>&nbsp;<\/p>\n<p>&nbsp;<\/p>\n<p>&nbsp;<\/p>\n<p>&nbsp;<\/p>\n<p><strong><span style=\"color: #0000ff;\">S\u00e9niors Messieurs<\/span><\/strong> <span style=\"color: #0000ff;\"><strong>+45<\/strong><\/span><\/p>\n<p><strong>Christophe Rouzier<\/strong> (15\/3 &#8211; O.s. Sannois) bat <strong>Bertrand Paziaud<\/strong> (15\/3 &#8211; Soisy TC) <strong>2\/6 6\/4 6\/0<\/strong><\/p>\n<p><img loading=\"lazy\" decoding=\"async\" class=\"alignleft wp-image-2176\" src=\"http:\/\/act-ermont.fr\/wp-content\/uploads\/2017\/07\/19894665_1254355931352968_8442617879581502269_n-1.jpg\" alt=\"19894665_1254355931352968_8442617879581502269_n\" width=\"277\" height=\"208\" \/><\/p>\n<p>&nbsp;<\/p>\n<p>&nbsp;<\/p>\n<p>&nbsp;<\/p>\n<p>&nbsp;<\/p>\n<p>&nbsp;<\/p>\n<p>&nbsp;<\/p>\n<p>&nbsp;<\/p>\n<p><strong><span style=\"color: #0000ff;\">S\u00e9niors Messieurs<\/span><\/strong> <span style=\"color: #0000ff;\"><strong>+55<\/strong><\/span><\/p>\n<p><strong>Philippe Balloy<\/strong> (30\/1 &#8211; ACT Ermont) bat <strong>Bruno Ceschi<\/strong> (30 &#8211; ACT Ermont) <strong>6\/2 6\/2<\/strong><\/p>\n<p><img loading=\"lazy\" decoding=\"async\" class=\"alignleft wp-image-2177\" src=\"https:\/\/act-ermont.fr\/wp-content\/uploads\/2017\/07\/20031747_1254355934686301_5714941856828401770_n-1-1.jpg\" alt=\"20031747_1254355934686301_5714941856828401770_n\" width=\"273\" height=\"273\" \/><\/p>\n<p>&nbsp;<\/p>\n<p>&nbsp;<\/p>\n<p>&nbsp;<\/p>\n<p>&nbsp;<\/p>\n<p>&nbsp;<\/p>\n<p>&nbsp;<\/p>\n<p>&nbsp;<\/p>\n<p>&nbsp;<\/p>\n<p>&nbsp;<\/p>\n<p><span style=\"color: #ff00ff;\"><strong>S\u00e9niors Dames<\/strong><\/span> <strong><span style=\"color: #ff00ff;\">+55<\/span><\/strong><\/p>\n<p><strong>Marl\u00e8ne Vincent<\/strong> (30\/1 &#8211; ACT Ermont) bat <strong>Claudie Vrbanac<\/strong> (30\/1 &#8211; Csme Tennis) &#8211; <strong>6\/4 6\/2<\/strong><\/p>\n<p><img loading=\"lazy\" decoding=\"async\" class=\"alignleft wp-image-2178\" src=\"http:\/\/act-ermont.fr\/wp-content\/uploads\/2017\/07\/19875629_1254355964686298_7759492504554520929_n-1.jpg\" alt=\"19875629_1254355964686298_7759492504554520929_n\" width=\"271\" height=\"271\" \/><\/p>\n<p>&nbsp;<\/p>\n<p>&nbsp;<\/p>\n<p>&nbsp;<\/p>\n<p>&nbsp;<\/p>\n<p>&nbsp;<\/p>\n<p>&nbsp;<\/p>\n<p>&nbsp;<\/p>\n<p>&nbsp;<\/p>\n<p>&nbsp;<\/p>\n<p>&nbsp;<\/p>\n<p>&nbsp;<\/p>\n","protected":false},"excerpt":{"rendered":"<div class=\"mh-excerpt\"><p>Cette ann\u00e9e encore, le tournoi d&rsquo;Ermont s&rsquo;est d\u00e9roul\u00e9e parfaitement, esquivant les conditions climatiques compliqu\u00e9es certains jours et a connu des finales engag\u00e9es et pleines de suspense. Un grand bravo \u00e0 l&rsquo;organisation en commen\u00e7ant par le <a class=\"mh-excerpt-more\" href=\"https:\/\/act-ermont.fr\/?p=2171\" title=\"PALMARES TOURNOI ERMONT OPEN SENIORS\/SENIORS + 2017\">[&#8230;]<\/a><\/p>\n<\/div>","protected":false},"author":3,"featured_media":2184,"comment_status":"closed","ping_status":"closed","sticky":false,"template":"","format":"standard","meta":{"footnotes":""},"categories":[30],"tags":[],"class_list":{"0":"post-2171","1":"post","2":"type-post","3":"status-publish","4":"format-standard","5":"has-post-thumbnail","7":"category-tournoi-open"},"_links":{"self":[{"href":"https:\/\/act-ermont.fr\/index.php?rest_route=\/wp\/v2\/posts\/2171","targetHints":{"allow":["GET"]}}],"collection":[{"href":"https:\/\/act-ermont.fr\/index.php?rest_route=\/wp\/v2\/posts"}],"about":[{"href":"https:\/\/act-ermont.fr\/index.php?rest_route=\/wp\/v2\/types\/post"}],"author":[{"embeddable":true,"href":"https:\/\/act-ermont.fr\/index.php?rest_route=\/wp\/v2\/users\/3"}],"replies":[{"embeddable":true,"href":"https:\/\/act-ermont.fr\/index.php?rest_route=%2Fwp%2Fv2%2Fcomments&post=2171"}],"version-history":[{"count":0,"href":"https:\/\/act-ermont.fr\/index.php?rest_route=\/wp\/v2\/posts\/2171\/revisions"}],"wp:featuredmedia":[{"embeddable":true,"href":"https:\/\/act-ermont.fr\/index.php?rest_route=\/wp\/v2\/media\/2184"}],"wp:attachment":[{"href":"https:\/\/act-ermont.fr\/index.php?rest_route=%2Fwp%2Fv2%2Fmedia&parent=2171"}],"wp:term":[{"taxonomy":"category","embeddable":true,"href":"https:\/\/act-ermont.fr\/index.php?rest_route=%2Fwp%2Fv2%2Fcategories&post=2171"},{"taxonomy":"post_tag","embeddable":true,"href":"https:\/\/act-ermont.fr\/index.php?rest_route=%2Fwp%2Fv2%2Ftags&post=2171"}],"curies":[{"name":"wp","href":"https:\/\/api.w.org\/{rel}","templated":true}]}}