{"id":3508,"date":"2017-03-28T17:02:27","date_gmt":"2017-03-28T15:02:27","guid":{"rendered":"http:\/\/www.act-ermont.fr\/?p=1882"},"modified":"2017-03-28T17:02:27","modified_gmt":"2017-03-28T15:02:27","slug":"poussins-de-paques-un-grand-bravo-2","status":"publish","type":"post","link":"https:\/\/act-ermont.fr\/?p=3508","title":{"rendered":"POUSSINS DE PAQUES: UN GRAND BRAVO !!"},"content":{"rendered":"<p>Lors du dimanche 26 mars 2017, le club de l&rsquo;ACTE Ermont a de nouveau organis\u00e9 au complexe Raoul Dautry les Poussins de P\u00e2ques. Une nouvelle fois, cette \u00e9dition a \u00e9t\u00e9 un franc succ\u00e8s, notamment gr\u00e2ce \u00e0 tous les b\u00e9n\u00e9voles pr\u00e9sents pour aider et encadrer les enfants venus taper la balle avec les animateurs. Un grand merci \u00e9galement \u00e0 l&rsquo;\u00e9quipe animation du club qui a une nouvelle fois su g\u00e9rer avec efficacit\u00e9 cet \u00e9v\u00e9nement. Enfin, un grand merci \u00e0 notre photographe Thierry Dardenne pour la qualit\u00e9 des photographies, que vous pouvez retrouver en int\u00e9gralit\u00e9 sur le facebook du club \u00e0 l&rsquo;adresse suivante:<\/p>\n<p><a href=\"https:\/\/www.facebook.com\/ermontact.tennis\/posts\/1159135754208320\">https:\/\/www.facebook.com\/ermontact.tennis\/posts\/1159135754208320<\/a><\/p>\n<p>A ces remerciements se rajoutent ceux de la pr\u00e9sidente Claire Rubio ci dessous:<\/p>\n<p><img loading=\"lazy\" decoding=\"async\" class=\"alignleft size-full wp-image-1895\" src=\"https:\/\/act-ermont.fr\/wp-content\/uploads\/2017\/03\/Capture1-1-1.png\" alt=\"capture1\" width=\"622\" height=\"163\" \/><\/p>\n<p>&nbsp;<\/p>\n<p><img loading=\"lazy\" decoding=\"async\" class=\"alignleft size-full wp-image-1883\" src=\"https:\/\/act-ermont.fr\/wp-content\/uploads\/2017\/03\/26_03_2017-2-1-1.jpg\" alt=\"26_03_2017-2\" width=\"1024\" height=\"682\" \/> <img loading=\"lazy\" decoding=\"async\" class=\"alignleft size-full wp-image-1884\" src=\"https:\/\/act-ermont.fr\/wp-content\/uploads\/2017\/03\/26_03_2017-71-1-1.jpg\" alt=\"26_03_2017-71\" width=\"682\" height=\"1024\" \/> <img loading=\"lazy\" decoding=\"async\" class=\"alignleft size-full wp-image-1886\" src=\"https:\/\/act-ermont.fr\/wp-content\/uploads\/2017\/03\/26_03_2017-172-1-1.jpg\" alt=\"26_03_2017-172\" width=\"1024\" height=\"682\" \/> <img loading=\"lazy\" decoding=\"async\" class=\"alignleft size-full wp-image-1887\" src=\"http:\/\/act-ermont.fr\/wp-content\/uploads\/2017\/03\/26_03_2017-191-1.jpg\" alt=\"26_03_2017-191\" width=\"1024\" height=\"682\" \/> <img loading=\"lazy\" decoding=\"async\" class=\"alignleft size-full wp-image-1888\" src=\"https:\/\/act-ermont.fr\/wp-content\/uploads\/2017\/03\/26_03_2017-2-114-1-1.jpg\" alt=\"26_03_2017-214\" width=\"682\" height=\"1024\" \/> <img loading=\"lazy\" decoding=\"async\" class=\"alignleft size-full wp-image-1889\" src=\"https:\/\/act-ermont.fr\/wp-content\/uploads\/2017\/03\/26_03_2017-2-151-1-1.jpg\" alt=\"26_03_2017-251\" width=\"1024\" height=\"682\" \/> <img loading=\"lazy\" decoding=\"async\" class=\"alignleft size-full wp-image-1890\" src=\"https:\/\/act-ermont.fr\/wp-content\/uploads\/2017\/03\/26_03_2017-2-180-1-1.jpg\" alt=\"26_03_2017-280\" width=\"1024\" height=\"682\" \/> <img loading=\"lazy\" decoding=\"async\" class=\"alignleft size-full wp-image-1891\" src=\"https:\/\/act-ermont.fr\/wp-content\/uploads\/2017\/03\/26_03_2017-2-198-1-1.jpg\" alt=\"26_03_2017-298\" width=\"1024\" height=\"682\" \/><\/p>\n","protected":false},"excerpt":{"rendered":"<div class=\"mh-excerpt\"><p>Lors du dimanche 26 mars 2017, le club de l&rsquo;ACTE Ermont a de nouveau organis\u00e9 au complexe Raoul Dautry les Poussins de P\u00e2ques. Une nouvelle fois, cette \u00e9dition a \u00e9t\u00e9 un franc succ\u00e8s, notamment gr\u00e2ce <a class=\"mh-excerpt-more\" href=\"https:\/\/act-ermont.fr\/?p=3508\" title=\"POUSSINS DE PAQUES: UN GRAND BRAVO !!\">[&#8230;]<\/a><\/p>\n<\/div>","protected":false},"author":3,"featured_media":1886,"comment_status":"closed","ping_status":"closed","sticky":false,"template":"","format":"standard","meta":{"footnotes":""},"categories":[14],"tags":[],"class_list":{"0":"post-3508","1":"post","2":"type-post","3":"status-publish","4":"format-standard","5":"has-post-thumbnail","7":"category-les-poussins-de-paques"},"_links":{"self":[{"href":"https:\/\/act-ermont.fr\/index.php?rest_route=\/wp\/v2\/posts\/3508","targetHints":{"allow":["GET"]}}],"collection":[{"href":"https:\/\/act-ermont.fr\/index.php?rest_route=\/wp\/v2\/posts"}],"about":[{"href":"https:\/\/act-ermont.fr\/index.php?rest_route=\/wp\/v2\/types\/post"}],"author":[{"embeddable":true,"href":"https:\/\/act-ermont.fr\/index.php?rest_route=\/wp\/v2\/users\/3"}],"replies":[{"embeddable":true,"href":"https:\/\/act-ermont.fr\/index.php?rest_route=%2Fwp%2Fv2%2Fcomments&post=3508"}],"version-history":[{"count":0,"href":"https:\/\/act-ermont.fr\/index.php?rest_route=\/wp\/v2\/posts\/3508\/revisions"}],"wp:featuredmedia":[{"embeddable":true,"href":"https:\/\/act-ermont.fr\/index.php?rest_route=\/wp\/v2\/media\/1886"}],"wp:attachment":[{"href":"https:\/\/act-ermont.fr\/index.php?rest_route=%2Fwp%2Fv2%2Fmedia&parent=3508"}],"wp:term":[{"taxonomy":"category","embeddable":true,"href":"https:\/\/act-ermont.fr\/index.php?rest_route=%2Fwp%2Fv2%2Fcategories&post=3508"},{"taxonomy":"post_tag","embeddable":true,"href":"https:\/\/act-ermont.fr\/index.php?rest_route=%2Fwp%2Fv2%2Ftags&post=3508"}],"curies":[{"name":"wp","href":"https:\/\/api.w.org\/{rel}","templated":true}]}}