{"id":3532,"date":"2018-03-31T16:12:50","date_gmt":"2018-03-31T14:12:50","guid":{"rendered":"http:\/\/www.act-ermont.fr\/?p=2434"},"modified":"2018-03-31T16:12:50","modified_gmt":"2018-03-31T14:12:50","slug":"photos-poussins-de-paques-2","status":"publish","type":"post","link":"https:\/\/act-ermont.fr\/?p=3532","title":{"rendered":"PHOTOS POUSSINS DE PAQUES"},"content":{"rendered":"<p>Chers adh\u00e9rents,<\/p>\n<p>Vous pouvez r\u00e9cup\u00e9rer les photos de vos enfants en cliquant sur le lien ci-contre &#8211;&gt;\u00a0<a href=\"https:\/\/wetransfer.com\/downloads\/6d6d149ceb7ea1bea47d13de1b2aa5c720180331140004\/d085ef09aab0a758d85d6b19cd5e161f20180331140004\/9bb7c3\">https:\/\/wetransfer.com\/downloads\/6d6d149ceb7ea1bea47d13de1b2aa5c720180331140004\/d085ef09aab0a758d85d6b19cd5e161f20180331140004\/9bb7c3<\/a><\/p>\n<p>Vous aurez 1 semaine pour r\u00e9cup\u00e9rer le dossier avant que celui-ci ne soit supprim\u00e9. Pas de panique pour les retardataires, il sera toujours possible de relancer un dossier par la suite!<\/p>\n<p>Un grand merci \u00e0 Thierry Dardenne pour la qualit\u00e9 de ses photographies!!<\/p>\n","protected":false},"excerpt":{"rendered":"<div class=\"mh-excerpt\"><p>Chers adh\u00e9rents, Vous pouvez r\u00e9cup\u00e9rer les photos de vos enfants en cliquant sur le lien ci-contre &#8211;&gt;\u00a0https:\/\/wetransfer.com\/downloads\/6d6d149ceb7ea1bea47d13de1b2aa5c720180331140004\/d085ef09aab0a758d85d6b19cd5e161f20180331140004\/9bb7c3 Vous aurez 1 semaine pour r\u00e9cup\u00e9rer le dossier avant que celui-ci ne soit supprim\u00e9. Pas de panique pour <a class=\"mh-excerpt-more\" href=\"https:\/\/act-ermont.fr\/?p=3532\" title=\"PHOTOS POUSSINS DE PAQUES\">[&#8230;]<\/a><\/p>\n<\/div>","protected":false},"author":3,"featured_media":2444,"comment_status":"closed","ping_status":"closed","sticky":false,"template":"","format":"standard","meta":{"footnotes":""},"categories":[14],"tags":[],"class_list":{"0":"post-3532","1":"post","2":"type-post","3":"status-publish","4":"format-standard","5":"has-post-thumbnail","7":"category-les-poussins-de-paques"},"_links":{"self":[{"href":"https:\/\/act-ermont.fr\/index.php?rest_route=\/wp\/v2\/posts\/3532","targetHints":{"allow":["GET"]}}],"collection":[{"href":"https:\/\/act-ermont.fr\/index.php?rest_route=\/wp\/v2\/posts"}],"about":[{"href":"https:\/\/act-ermont.fr\/index.php?rest_route=\/wp\/v2\/types\/post"}],"author":[{"embeddable":true,"href":"https:\/\/act-ermont.fr\/index.php?rest_route=\/wp\/v2\/users\/3"}],"replies":[{"embeddable":true,"href":"https:\/\/act-ermont.fr\/index.php?rest_route=%2Fwp%2Fv2%2Fcomments&post=3532"}],"version-history":[{"count":0,"href":"https:\/\/act-ermont.fr\/index.php?rest_route=\/wp\/v2\/posts\/3532\/revisions"}],"wp:featuredmedia":[{"embeddable":true,"href":"https:\/\/act-ermont.fr\/index.php?rest_route=\/wp\/v2\/media\/2444"}],"wp:attachment":[{"href":"https:\/\/act-ermont.fr\/index.php?rest_route=%2Fwp%2Fv2%2Fmedia&parent=3532"}],"wp:term":[{"taxonomy":"category","embeddable":true,"href":"https:\/\/act-ermont.fr\/index.php?rest_route=%2Fwp%2Fv2%2Fcategories&post=3532"},{"taxonomy":"post_tag","embeddable":true,"href":"https:\/\/act-ermont.fr\/index.php?rest_route=%2Fwp%2Fv2%2Ftags&post=3532"}],"curies":[{"name":"wp","href":"https:\/\/api.w.org\/{rel}","templated":true}]}}