{"id":4264,"date":"2022-07-05T17:16:32","date_gmt":"2022-07-05T15:16:32","guid":{"rendered":"https:\/\/act-ermont.fr\/?p=4264"},"modified":"2022-07-05T17:16:32","modified_gmt":"2022-07-05T15:16:32","slug":"tournoi-open-ermont-edition-2022","status":"publish","type":"post","link":"https:\/\/act-ermont.fr\/?p=4264","title":{"rendered":"Tournoi OPEN Ermont Edition 2022"},"content":{"rendered":"<p>Pour cette \u00e9dition 2022, plus de 300 joueurs et joueuses sont venus fouler les terrains de l&rsquo;ACT Ermont.<\/p>\n<p><!--more--><\/p>\n<p>Cette ann\u00e9e, c&rsquo;est Jean-Claude LUCCHINI, notre Directeur Sportif, qui s&rsquo;est coll\u00e9 \u00e0 la t\u00e2che de l&rsquo;organisation du Tournoi.<\/p>\n<p>Plusieurs cat\u00e9gories \u00e9taient pr\u00e9vues :<\/p>\n<ul>\n<li><em>Senior Hommes<\/em><\/li>\n<li><em>Senior Femmes<\/em><\/li>\n<li><em>+35ans Hommes<\/em><\/li>\n<li><em>+35ans Femmes<\/em><\/li>\n<li><em>+45ans Hommes<\/em><\/li>\n<li><em>+45ans Femmes<\/em><\/li>\n<li><em>+55ans Hommes<\/em><\/li>\n<\/ul>\n<p>Malheureusement, les cat\u00e9gories +35ans Femme et +45ans Femme n&rsquo;ont pu se faire par manque de joueuses.<\/p>\n<p>&nbsp;<\/p>\n<p>En ce qui concerne les r\u00e9sultats, les voici :<\/p>\n<p>&nbsp;<\/p>\n<ul>\n<li><strong>Senior Homme :<\/strong><\/li>\n<\/ul>\n<p><img loading=\"lazy\" decoding=\"async\" class=\"alignnone wp-image-4265 size-full\" src=\"https:\/\/act-ermont.fr\/wp-content\/uploads\/2022\/07\/Senior-Hommes-1-1.jpg\" alt=\"\" width=\"640\" height=\"480\" \/><\/p>\n<p>Victoire de <strong><span style=\"color: #008000;\">Pierre-Yves GEORGELIN<\/span><\/strong> (ACT Ermont &#8211; \u00e0 gauche) sur <strong>Ethan KHUN<\/strong> (ACT Ermont &#8211; \u00e0 droite) : 6\/2 6\/4<\/p>\n<p>Avec Jean-Claude LUCCHINI et Claire RUBIO (Pr\u00e9sidente ACTE) en photo.<\/p>\n<p>&nbsp;<\/p>\n<ul>\n<li><strong>Senior Dames :<\/strong><\/li>\n<\/ul>\n<p><img loading=\"lazy\" decoding=\"async\" class=\"alignnone wp-image-4273 size-full\" src=\"https:\/\/act-ermont.fr\/wp-content\/uploads\/2022\/07\/Senior-Dames-1-1.jpg\" alt=\"\" width=\"640\" height=\"480\" \/><\/p>\n<p>Victoire de <strong><span style=\"color: #008000;\">Lucie LESECQ<\/span><\/strong> (ACT Ermont &#8211; a droite) sur<strong> Claire PERON<\/strong> (Herblay AST &#8211; \u00e0 gauche) : 6\/3 1\/6 6\/2<\/p>\n<p>Avec <strong>Salom\u00e9 GALUSZKA<\/strong> (demi-finaliste &#8211; ACT Ermont &#8211; tout \u00e0 gauche), Pierre KERGOAT (Vice-Pr\u00e9sident ACTE), Jean-Claude LUCCHINI et Claire RUBIO.<\/p>\n<p>&nbsp;<\/p>\n<ul>\n<li>+35ans Hommes :<\/li>\n<\/ul>\n<p><img loading=\"lazy\" decoding=\"async\" class=\"alignnone wp-image-4266 size-full\" src=\"https:\/\/act-ermont.fr\/wp-content\/uploads\/2022\/07\/35ans-1-1.jpg\" alt=\"\" width=\"640\" height=\"480\" \/><\/p>\n<p>Victoire de<strong><span style=\"color: #008000;\"> C\u00e9dric PERON<\/span><\/strong> (ACT Ermont &#8211; \u00e0 droite) sur <strong>Richard NGUYEN<\/strong> (ACT Ermont &#8211; \u00e0 gauche) : 6\/2 6\/0<\/p>\n<p>Avec Jean-Claude LUCCHINI et Claire RUBIO.<\/p>\n<p>&nbsp;<\/p>\n<ul>\n<li>+45ans Hommes :<\/li>\n<\/ul>\n<p><img loading=\"lazy\" decoding=\"async\" class=\"alignnone wp-image-4267 size-full\" src=\"https:\/\/act-ermont.fr\/wp-content\/uploads\/2022\/07\/45ans-1-1.jpg\" alt=\"\" width=\"640\" height=\"480\" \/><\/p>\n<p>Victoire de <strong><span style=\"color: #008000;\">Herv\u00e9 NSEKE EBELE<\/span><\/strong> (ARGENTEUIL TC) sur<strong> Olivier FRANCO<\/strong> (SAINT-PRIX TC &#8211; absent sur la photo)<\/p>\n<p>Avec Jean-Claude LUCCHINI et Claire RUBIO.<\/p>\n<p>&nbsp;<\/p>\n<ul>\n<li>+55ans Hommes<\/li>\n<\/ul>\n<p><img loading=\"lazy\" decoding=\"async\" class=\"alignnone wp-image-4268 size-full\" src=\"https:\/\/act-ermont.fr\/wp-content\/uploads\/2022\/07\/55ans-1-1.jpg\" alt=\"\" width=\"640\" height=\"480\" \/><\/p>\n<p>Victoire de <span style=\"color: #008000;\"><strong>Pascal MULLER<\/strong><\/span> (SOISY TC &#8211; au centre) sur <strong>Bruno MEYA<\/strong> (ARGENTEUIL TC &#8211; \u00e0 gauche) : 1\/6 6\/4 6\/2<\/p>\n<p>Avec Jean-Claude LUCCHINI.<\/p>\n<p>&nbsp;<\/p>\n<p>&nbsp;<\/p>\n<p>Un grand merci \u00e0 Jean-Claude pour l&rsquo;organisation de ce tournoi et les arbitres lors des finales !<\/p>\n<p>Nous esp\u00e9rons revoir tout le monde pour l&rsquo;\u00e9dition 2023 !<\/p>\n","protected":false},"excerpt":{"rendered":"<div class=\"mh-excerpt\"><p>Pour cette \u00e9dition 2022, plus de 300 joueurs et joueuses sont venus fouler les terrains de l&rsquo;ACT Ermont.<\/p>\n<\/div>","protected":false},"author":3,"featured_media":4270,"comment_status":"closed","ping_status":"closed","sticky":false,"template":"","format":"standard","meta":{"footnotes":""},"categories":[2,30],"tags":[],"class_list":{"0":"post-4264","1":"post","2":"type-post","3":"status-publish","4":"format-standard","5":"has-post-thumbnail","7":"category-slider","8":"category-tournoi-open"},"_links":{"self":[{"href":"https:\/\/act-ermont.fr\/index.php?rest_route=\/wp\/v2\/posts\/4264","targetHints":{"allow":["GET"]}}],"collection":[{"href":"https:\/\/act-ermont.fr\/index.php?rest_route=\/wp\/v2\/posts"}],"about":[{"href":"https:\/\/act-ermont.fr\/index.php?rest_route=\/wp\/v2\/types\/post"}],"author":[{"embeddable":true,"href":"https:\/\/act-ermont.fr\/index.php?rest_route=\/wp\/v2\/users\/3"}],"replies":[{"embeddable":true,"href":"https:\/\/act-ermont.fr\/index.php?rest_route=%2Fwp%2Fv2%2Fcomments&post=4264"}],"version-history":[{"count":0,"href":"https:\/\/act-ermont.fr\/index.php?rest_route=\/wp\/v2\/posts\/4264\/revisions"}],"wp:featuredmedia":[{"embeddable":true,"href":"https:\/\/act-ermont.fr\/index.php?rest_route=\/wp\/v2\/media\/4270"}],"wp:attachment":[{"href":"https:\/\/act-ermont.fr\/index.php?rest_route=%2Fwp%2Fv2%2Fmedia&parent=4264"}],"wp:term":[{"taxonomy":"category","embeddable":true,"href":"https:\/\/act-ermont.fr\/index.php?rest_route=%2Fwp%2Fv2%2Fcategories&post=4264"},{"taxonomy":"post_tag","embeddable":true,"href":"https:\/\/act-ermont.fr\/index.php?rest_route=%2Fwp%2Fv2%2Ftags&post=4264"}],"curies":[{"name":"wp","href":"https:\/\/api.w.org\/{rel}","templated":true}]}}