{"id":4418,"date":"2022-11-18T15:56:20","date_gmt":"2022-11-18T15:56:20","guid":{"rendered":"https:\/\/act-ermont.fr\/?p=4418"},"modified":"2022-11-18T15:56:20","modified_gmt":"2022-11-18T15:56:20","slug":"stages-vacances-toussaint-2022-recap","status":"publish","type":"post","link":"https:\/\/act-ermont.fr\/?p=4418","title":{"rendered":"Stages Vacances Toussaint 2022 R\u00e9cap&rsquo; !"},"content":{"rendered":"<p>Dans cet article, vous (re)d\u00e9couvrirez les Stages des Vacances de Toussaint (du 24 au 28 Octobre 2022).<\/p>\n<p><!--more--><\/p>\n<p>&nbsp;<\/p>\n<p>Sous la houlette de L\u00e9o JAN et Florian SMALTO, 32 enfants ont d\u00e9cid\u00e9 de passer leur premi\u00e8re semaine des Vacances au sein du Club de l&rsquo;ACTE.<\/p>\n<p>&nbsp;<\/p>\n<p>D\u00e9couvrir, continuer \u00e0 pratiquer, s&rsquo;am\u00e9liorer &#8230; Chacun avait ses objectifs. Mais les ma\u00eetres mots de la semaine furent :<\/p>\n<ul>\n<li>amusement<\/li>\n<li>plaisir<\/li>\n<li>pratique<\/li>\n<li>vie en communaut\u00e9<\/li>\n<\/ul>\n<p>Voici un petit film qui r\u00e9capitule la semaine.<\/p>\n<p>A voir ou revoir !<\/p>\n<p>&nbsp;<\/p>\n<p>Nous vous invitons \u00e0 consulter notre compte Facebook pour visualiser la vid\u00e9o :<\/p>\n<p><a href=\"https:\/\/www.facebook.com\/ermontact.tennis\/\">Facebook ACT Ermont<\/a><\/p>\n<p>&nbsp;<\/p>\n<p>&nbsp;<\/p>\n","protected":false},"excerpt":{"rendered":"<div class=\"mh-excerpt\"><p>Dans cet article, vous (re)d\u00e9couvrirez les Stages des Vacances de Toussaint (du 24 au 28 Octobre 2022).<\/p>\n<\/div>","protected":false},"author":3,"featured_media":3130,"comment_status":"closed","ping_status":"closed","sticky":false,"template":"","format":"standard","meta":{"footnotes":""},"categories":[2,27],"tags":[],"class_list":{"0":"post-4418","1":"post","2":"type-post","3":"status-publish","4":"format-standard","5":"has-post-thumbnail","7":"category-slider","8":"category-stages-jeunes"},"_links":{"self":[{"href":"https:\/\/act-ermont.fr\/index.php?rest_route=\/wp\/v2\/posts\/4418","targetHints":{"allow":["GET"]}}],"collection":[{"href":"https:\/\/act-ermont.fr\/index.php?rest_route=\/wp\/v2\/posts"}],"about":[{"href":"https:\/\/act-ermont.fr\/index.php?rest_route=\/wp\/v2\/types\/post"}],"author":[{"embeddable":true,"href":"https:\/\/act-ermont.fr\/index.php?rest_route=\/wp\/v2\/users\/3"}],"replies":[{"embeddable":true,"href":"https:\/\/act-ermont.fr\/index.php?rest_route=%2Fwp%2Fv2%2Fcomments&post=4418"}],"version-history":[{"count":1,"href":"https:\/\/act-ermont.fr\/index.php?rest_route=\/wp\/v2\/posts\/4418\/revisions"}],"predecessor-version":[{"id":4419,"href":"https:\/\/act-ermont.fr\/index.php?rest_route=\/wp\/v2\/posts\/4418\/revisions\/4419"}],"wp:featuredmedia":[{"embeddable":true,"href":"https:\/\/act-ermont.fr\/index.php?rest_route=\/wp\/v2\/media\/3130"}],"wp:attachment":[{"href":"https:\/\/act-ermont.fr\/index.php?rest_route=%2Fwp%2Fv2%2Fmedia&parent=4418"}],"wp:term":[{"taxonomy":"category","embeddable":true,"href":"https:\/\/act-ermont.fr\/index.php?rest_route=%2Fwp%2Fv2%2Fcategories&post=4418"},{"taxonomy":"post_tag","embeddable":true,"href":"https:\/\/act-ermont.fr\/index.php?rest_route=%2Fwp%2Fv2%2Ftags&post=4418"}],"curies":[{"name":"wp","href":"https:\/\/api.w.org\/{rel}","templated":true}]}}