{"id":4494,"date":"2023-01-25T10:19:28","date_gmt":"2023-01-25T10:19:28","guid":{"rendered":"https:\/\/act-ermont.fr\/?p=4494"},"modified":"2023-02-15T09:47:02","modified_gmt":"2023-02-15T09:47:02","slug":"championnats-35ans-hiver-2023","status":"publish","type":"post","link":"https:\/\/act-ermont.fr\/?p=4494","title":{"rendered":"Championnats +35ans Hiver 2023"},"content":{"rendered":"<p>Cet article sera mis \u00e0 jour en fonction de l\u2019\u00e9volution des rencontres chaque semaine.<\/p>\n<p><!--more--><\/p>\n<h2><strong>1\u00e8re semaine<\/strong><\/h2>\n<p>&nbsp;<\/p>\n<ul>\n<li><strong>Rencontres du Dimanche 15 janvier :<\/strong><\/li>\n<\/ul>\n<p>&nbsp;<\/p>\n<p><span style=\"color: #0000ff;\"><em><strong>+35ans Homme :\u00a0<\/strong><\/em><\/span><\/p>\n<p><em>Division 1 &amp; Poule A<\/em>\u00a0\u2013 <strong>Ermont ACT 1 <\/strong>VS Bux\u00e9rien TC 1 : <span style=\"color: #008000;\"><strong>victoire\u00a0 4 &#8211; 0<\/strong><\/span><\/p>\n<p>&nbsp;<\/p>\n<p><span style=\"color: #0000ff;\"><em><strong>+35ans Femme :<\/strong><\/em><\/span><\/p>\n<p><em>Division Excellence<\/em> \u2013 Soisy TC 1 VS <strong>Ermont ACT 1<\/strong>\u00a0 :<span style=\"color: #008000;\"><strong> victoire 1 &#8211; 3<\/strong><\/span><\/p>\n<p>&nbsp;<\/p>\n<p>&nbsp;<\/p>\n<p>&nbsp;<\/p>\n<h2><strong>2\u00e8me semaine<\/strong><\/h2>\n<p>&nbsp;<\/p>\n<ul>\n<li><strong>Rencontres du Dimanche 22 Janvier :<\/strong><\/li>\n<\/ul>\n<p>&nbsp;<\/p>\n<p><span style=\"color: #0000ff;\"><em><strong>+35ans Homme :\u00a0<\/strong><\/em><\/span><\/p>\n<p><em>Division 1 &amp; Poule A<\/em> \u2013 Louvres (CMO) Tennis 1 VS <strong>Ermont ACT 1 :<\/strong>\u00a0<span style=\"color: #008000;\"><strong>victoire\u00a0 0 &#8211; 4<\/strong><\/span><\/p>\n<p>&nbsp;<\/p>\n<p><span style=\"color: #0000ff;\"><em><strong>+35ans Femme :<\/strong><\/em><\/span><\/p>\n<p><em>Division Excellence<\/em> \u2013 <strong>Ermont ACT 1<\/strong>\u00a0 VS Villiers Le Bel TC 1 :<span style=\"color: #ff0000;\"><strong> d\u00e9faite 0 &#8211; 4<\/strong><\/span><\/p>\n<p>&nbsp;<\/p>\n<p>&nbsp;<\/p>\n<p>&nbsp;<\/p>\n<h2><strong>3\u00e8me semaine<\/strong><\/h2>\n<p>&nbsp;<\/p>\n<ul>\n<li><strong>Rencontres du Dimanche 29 janvier :<\/strong><\/li>\n<\/ul>\n<p>&nbsp;<\/p>\n<p><span style=\"color: #0000ff;\"><em><strong>+35ans Homme :\u00a0<\/strong><\/em><\/span><\/p>\n<p><em>Division 1 &amp; Poule A<\/em>\u00a0\u2013 <strong>Ermont ACT 1 <\/strong>VS Saint-Brice AAE 1 : <span style=\"color: #008000;\"><strong>victoire\u00a0 3 &#8211; 1<\/strong><\/span><\/p>\n<p>&nbsp;<\/p>\n<p><span style=\"color: #0000ff;\"><em><strong>+35ans Femme :<\/strong><\/em><\/span><\/p>\n<p><em>Division Excellence<\/em> \u2013 Meriel AT 1 VS <strong>Ermont ACT 1<\/strong>\u00a0 :<span style=\"color: #008000;\"><strong> victoire 1 &#8211; 3<\/strong><\/span><\/p>\n<p>&nbsp;<\/p>\n<p>&nbsp;<\/p>\n<h2><strong>4\u00e8me semaine<\/strong><\/h2>\n<p>&nbsp;<\/p>\n<ul>\n<li><strong>Rencontres du Dimanche 5 F\u00e9vrier :<\/strong><\/li>\n<\/ul>\n<p>&nbsp;<\/p>\n<p><span style=\"color: #0000ff;\"><em><strong>+35ans Homme :\u00a0<\/strong><\/em><\/span><\/p>\n<p><em>Division 1 &amp; Poule A<\/em>\u00a0\u2013 <strong>Ermont ACT 1 <\/strong>VS Deuil USDEM 1\u00a0: <span style=\"color: #ff6600;\"><strong>match nul 2 &#8211; 2<\/strong><\/span><\/p>\n<p>&nbsp;<\/p>\n<p><span style=\"color: #0000ff;\"><em><strong>+35ans Femme :<\/strong><\/em><\/span><\/p>\n<p><em>Division Excellence<\/em> \u2013 Courdimanche TC 1 VS <strong>Ermont ACT 1<\/strong>\u00a0 :<span style=\"color: #008000;\"><strong> victoire 1 &#8211; 3<\/strong><\/span><\/p>\n<p>&nbsp;<\/p>\n<p>&nbsp;<\/p>\n<h2><strong>5\u00e8me semaine<\/strong><\/h2>\n<p>&nbsp;<\/p>\n<ul>\n<li><strong>Rencontres du Dimanche 12 F\u00e9vrier :<\/strong><\/li>\n<\/ul>\n<p>&nbsp;<\/p>\n<p><span style=\"color: #0000ff;\"><em><strong>+35ans Homme :\u00a0<\/strong><\/em><\/span><\/p>\n<p><em>Division 1 &amp; Poule A<\/em> \u2013 TC Saint-Gratien 1 VS <strong>Ermont ACT 1<\/strong>\u00a0: <span style=\"color: #ff0000;\"><strong>d\u00e9faite 3 &#8211; 1<\/strong><\/span><\/p>\n<p>&nbsp;<\/p>\n<p><span style=\"color: #0000ff;\"><em><strong>+35ans Femme :<\/strong><\/em><\/span><\/p>\n<p><em>Division Excellence<\/em> \u2013 <strong>Ermont ACT 1<\/strong>\u00a0 VS CSM Eaubonne 1 :<span style=\"color: #ff0000;\"><strong> d\u00e9faite 0 &#8211; 4<\/strong><\/span><\/p>\n<p>&nbsp;<\/p>\n<p>&nbsp;<\/p>\n<div class=\"x11i5rnm xat24cr x1mh8g0r x1vvkbs xtlvy1s x126k92a\">\n<div dir=\"auto\"><em><strong>RESULTATS FINAUX &#8211; PHASES DE POULES :<\/strong><\/em><\/div>\n<div dir=\"auto\"><\/div>\n<\/div>\n<div class=\"x11i5rnm xat24cr x1mh8g0r x1vvkbs xtlvy1s x126k92a\">\n<div dir=\"auto\"><span class=\"x3nfvp2 x1j61x8r x1fcty0u xdj266r xhhsvwb xat24cr xgzva0m xxymvpz xlup9mm x1kky2od\"><img loading=\"lazy\" decoding=\"async\" src=\"https:\/\/static.xx.fbcdn.net\/images\/emoji.php\/v9\/t40\/1\/16\/25b6.png\" alt=\"\u25b6\ufe0f\" width=\"16\" height=\"16\" \/><\/span> Notre \u00e9quipe FEMME termine 3\u00e8me de sa poule et se maintient en Division Excellence !<\/div>\n<\/div>\n<div class=\"x11i5rnm xat24cr x1mh8g0r x1vvkbs xtlvy1s x126k92a\">\n<div dir=\"auto\">Nous voulons f\u00e9liciter nos joueuses qui ont mouill\u00e9 le maillot de l&rsquo;ACTE :<\/div>\n<div dir=\"auto\"><\/div>\n<div dir=\"auto\"><span class=\"x3nfvp2 x1j61x8r x1fcty0u xdj266r xhhsvwb xat24cr xgzva0m xxymvpz xlup9mm x1kky2od\"><img loading=\"lazy\" decoding=\"async\" src=\"https:\/\/static.xx.fbcdn.net\/images\/emoji.php\/v9\/t9e\/1\/16\/27a1.png\" alt=\"\u27a1\ufe0f\" width=\"16\" height=\"16\" \/><\/span> Caroline GELU<\/div>\n<div dir=\"auto\"><span class=\"x3nfvp2 x1j61x8r x1fcty0u xdj266r xhhsvwb xat24cr xgzva0m xxymvpz xlup9mm x1kky2od\"><img loading=\"lazy\" decoding=\"async\" src=\"https:\/\/static.xx.fbcdn.net\/images\/emoji.php\/v9\/t9e\/1\/16\/27a1.png\" alt=\"\u27a1\ufe0f\" width=\"16\" height=\"16\" \/><\/span> Florence DUREUIL (Cap.)<\/div>\n<div dir=\"auto\"><span class=\"x3nfvp2 x1j61x8r x1fcty0u xdj266r xhhsvwb xat24cr xgzva0m xxymvpz xlup9mm x1kky2od\"><img loading=\"lazy\" decoding=\"async\" src=\"https:\/\/static.xx.fbcdn.net\/images\/emoji.php\/v9\/t9e\/1\/16\/27a1.png\" alt=\"\u27a1\ufe0f\" width=\"16\" height=\"16\" \/><\/span> Omaira RAMOS<\/div>\n<div dir=\"auto\"><span class=\"x3nfvp2 x1j61x8r x1fcty0u xdj266r xhhsvwb xat24cr xgzva0m xxymvpz xlup9mm x1kky2od\"><img loading=\"lazy\" decoding=\"async\" src=\"https:\/\/static.xx.fbcdn.net\/images\/emoji.php\/v9\/t9e\/1\/16\/27a1.png\" alt=\"\u27a1\ufe0f\" width=\"16\" height=\"16\" \/><\/span> Magalie PORTEL<\/div>\n<div dir=\"auto\"><span class=\"x3nfvp2 x1j61x8r x1fcty0u xdj266r xhhsvwb xat24cr xgzva0m xxymvpz xlup9mm x1kky2od\"><img loading=\"lazy\" decoding=\"async\" src=\"https:\/\/static.xx.fbcdn.net\/images\/emoji.php\/v9\/t9e\/1\/16\/27a1.png\" alt=\"\u27a1\ufe0f\" width=\"16\" height=\"16\" \/><\/span> Virginie LEROY<\/div>\n<div dir=\"auto\"><\/div>\n<\/div>\n<div class=\"x11i5rnm xat24cr x1mh8g0r x1vvkbs xtlvy1s x126k92a\">\n<div dir=\"auto\"><span class=\"x3nfvp2 x1j61x8r x1fcty0u xdj266r xhhsvwb xat24cr xgzva0m xxymvpz xlup9mm x1kky2od\"><img loading=\"lazy\" decoding=\"async\" src=\"https:\/\/static.xx.fbcdn.net\/images\/emoji.php\/v9\/t40\/1\/16\/25b6.png\" alt=\"\u25b6\ufe0f\" width=\"16\" height=\"16\" \/><\/span> Notre \u00e9quipe HOMME perd sa 1\u00e8re place au profit de Saint-Gratien sur la derni\u00e8re rencontre. Elle termine donc 2\u00e8me et se maintient en Division 1 <span class=\"x3nfvp2 x1j61x8r x1fcty0u xdj266r xhhsvwb xat24cr xgzva0m xxymvpz xlup9mm x1kky2od\"><img loading=\"lazy\" decoding=\"async\" src=\"https:\/\/static.xx.fbcdn.net\/images\/emoji.php\/v9\/tfc\/1\/16\/1f44d.png\" alt=\"\ud83d\udc4d\" width=\"16\" height=\"16\" \/><\/span><\/div>\n<\/div>\n<div class=\"x11i5rnm xat24cr x1mh8g0r x1vvkbs xtlvy1s x126k92a\">\n<div dir=\"auto\">Aussi, nous d\u00e9sirons f\u00e9liciter nos joueurs pour \u00eatre pass\u00e9s \u00e0 deux doigts de la mont\u00e9e en Excellence :<\/div>\n<div dir=\"auto\"><\/div>\n<div dir=\"auto\"><span class=\"x3nfvp2 x1j61x8r x1fcty0u xdj266r xhhsvwb xat24cr xgzva0m xxymvpz xlup9mm x1kky2od\"><img loading=\"lazy\" decoding=\"async\" src=\"https:\/\/static.xx.fbcdn.net\/images\/emoji.php\/v9\/t9e\/1\/16\/27a1.png\" alt=\"\u27a1\ufe0f\" width=\"16\" height=\"16\" \/><\/span> Vincent DESAGA<\/div>\n<div dir=\"auto\"><span class=\"x3nfvp2 x1j61x8r x1fcty0u xdj266r xhhsvwb xat24cr xgzva0m xxymvpz xlup9mm x1kky2od\"><img loading=\"lazy\" decoding=\"async\" src=\"https:\/\/static.xx.fbcdn.net\/images\/emoji.php\/v9\/t9e\/1\/16\/27a1.png\" alt=\"\u27a1\ufe0f\" width=\"16\" height=\"16\" \/><\/span> K\u00e9vin FIGIEL<\/div>\n<div dir=\"auto\"><span class=\"x3nfvp2 x1j61x8r x1fcty0u xdj266r xhhsvwb xat24cr xgzva0m xxymvpz xlup9mm x1kky2od\"><img loading=\"lazy\" decoding=\"async\" src=\"https:\/\/static.xx.fbcdn.net\/images\/emoji.php\/v9\/t9e\/1\/16\/27a1.png\" alt=\"\u27a1\ufe0f\" width=\"16\" height=\"16\" \/><\/span> C\u00e9dric PERON (Cap.)<\/div>\n<div dir=\"auto\"><span class=\"x3nfvp2 x1j61x8r x1fcty0u xdj266r xhhsvwb xat24cr xgzva0m xxymvpz xlup9mm x1kky2od\"><img loading=\"lazy\" decoding=\"async\" src=\"https:\/\/static.xx.fbcdn.net\/images\/emoji.php\/v9\/t9e\/1\/16\/27a1.png\" alt=\"\u27a1\ufe0f\" width=\"16\" height=\"16\" \/><\/span> Pierre GOUAT-BRUNIN<\/div>\n<div dir=\"auto\"><span class=\"x3nfvp2 x1j61x8r x1fcty0u xdj266r xhhsvwb xat24cr xgzva0m xxymvpz xlup9mm x1kky2od\"><img loading=\"lazy\" decoding=\"async\" src=\"https:\/\/static.xx.fbcdn.net\/images\/emoji.php\/v9\/t9e\/1\/16\/27a1.png\" alt=\"\u27a1\ufe0f\" width=\"16\" height=\"16\" \/><\/span> Bastien ROLLET<\/div>\n<div dir=\"auto\"><\/div>\n<\/div>\n<div class=\"x11i5rnm xat24cr x1mh8g0r x1vvkbs xtlvy1s x126k92a\">\n<div dir=\"auto\">Nous retenterons l&rsquo;ann\u00e9e prochaine de glaner de meilleures places ! <span class=\"x3nfvp2 x1j61x8r x1fcty0u xdj266r xhhsvwb xat24cr xgzva0m xxymvpz xlup9mm x1kky2od\"><img loading=\"lazy\" decoding=\"async\" src=\"https:\/\/static.xx.fbcdn.net\/images\/emoji.php\/v9\/t54\/1\/16\/1f9be.png\" alt=\"\ud83e\uddbe\" width=\"16\" height=\"16\" \/><\/span><\/div>\n<\/div>\n<p>&nbsp;<\/p>\n<p>Team ACTE.<\/p>\n<p>&nbsp;<\/p>\n<p>&nbsp;<\/p>\n","protected":false},"excerpt":{"rendered":"<div class=\"mh-excerpt\"><p>Cet article sera mis \u00e0 jour en fonction de l\u2019\u00e9volution des rencontres chaque semaine.<\/p>\n<\/div>","protected":false},"author":3,"featured_media":3085,"comment_status":"closed","ping_status":"closed","sticky":false,"template":"","format":"standard","meta":{"footnotes":""},"categories":[2,20],"tags":[],"class_list":{"0":"post-4494","1":"post","2":"type-post","3":"status-publish","4":"format-standard","5":"has-post-thumbnail","7":"category-slider","8":"category-les-performances-de-nos-equipes"},"_links":{"self":[{"href":"https:\/\/act-ermont.fr\/index.php?rest_route=\/wp\/v2\/posts\/4494","targetHints":{"allow":["GET"]}}],"collection":[{"href":"https:\/\/act-ermont.fr\/index.php?rest_route=\/wp\/v2\/posts"}],"about":[{"href":"https:\/\/act-ermont.fr\/index.php?rest_route=\/wp\/v2\/types\/post"}],"author":[{"embeddable":true,"href":"https:\/\/act-ermont.fr\/index.php?rest_route=\/wp\/v2\/users\/3"}],"replies":[{"embeddable":true,"href":"https:\/\/act-ermont.fr\/index.php?rest_route=%2Fwp%2Fv2%2Fcomments&post=4494"}],"version-history":[{"count":7,"href":"https:\/\/act-ermont.fr\/index.php?rest_route=\/wp\/v2\/posts\/4494\/revisions"}],"predecessor-version":[{"id":4506,"href":"https:\/\/act-ermont.fr\/index.php?rest_route=\/wp\/v2\/posts\/4494\/revisions\/4506"}],"wp:featuredmedia":[{"embeddable":true,"href":"https:\/\/act-ermont.fr\/index.php?rest_route=\/wp\/v2\/media\/3085"}],"wp:attachment":[{"href":"https:\/\/act-ermont.fr\/index.php?rest_route=%2Fwp%2Fv2%2Fmedia&parent=4494"}],"wp:term":[{"taxonomy":"category","embeddable":true,"href":"https:\/\/act-ermont.fr\/index.php?rest_route=%2Fwp%2Fv2%2Fcategories&post=4494"},{"taxonomy":"post_tag","embeddable":true,"href":"https:\/\/act-ermont.fr\/index.php?rest_route=%2Fwp%2Fv2%2Ftags&post=4494"}],"curies":[{"name":"wp","href":"https:\/\/api.w.org\/{rel}","templated":true}]}}