{"id":4529,"date":"2023-03-24T16:11:34","date_gmt":"2023-03-24T16:11:34","guid":{"rendered":"https:\/\/act-ermont.fr\/?p=4529"},"modified":"2023-03-24T16:11:34","modified_gmt":"2023-03-24T16:11:34","slug":"tournois-decouvertes-acte-niveau-orange-g-f","status":"publish","type":"post","link":"https:\/\/act-ermont.fr\/?p=4529","title":{"rendered":"Tournois D\u00e9couvertes ACTE &#8211; Niveau Orange (G &#038; F)"},"content":{"rendered":"<p>Chers adh\u00e9rents et sympathisants de l&rsquo;ACTE,<\/p>\n<p>&nbsp;<\/p>\n<p>Nous avons eu l&rsquo;honneur d&rsquo;organiser 2 Tournois D\u00e9couvertes de niveau <span style=\"color: #ff6600;\"><strong>ORANGE<\/strong><\/span> pour les <strong>Filles et Gar\u00e7ons<\/strong>.<\/p>\n<p><!--more--><\/p>\n<p>Respectivement, Pierre GOUAT-BRUNIN s&rsquo;est occup\u00e9 du Tournoi D\u00e9couverte Gar\u00e7ons le 12 Mars et Florian SMALTO du Tournoi D\u00e9couverte Filles le 19 Mars sur nos int\u00e9rieurs de Raoul Dautry.<\/p>\n<p>&nbsp;<\/p>\n<p>Avec le soutien du Comit\u00e9 du Tennis du Val d&rsquo;Oise, le but est de faire d\u00e9couvrir <strong>les premiers aspects de la comp\u00e9tition<\/strong> \u00e0 ces jeunes dans <strong>un esprit de convivialit\u00e9<\/strong>. <strong>Donner go\u00fbt \u00e0 la comp\u00e9tition<\/strong> est \u00e9galement une des missions de chaque Club de Tennis.<\/p>\n<p>&nbsp;<\/p>\n<p>Voici un petite retour en image et vid\u00e9o sur ces deux journ\u00e9es :<\/p>\n<p>&nbsp;<\/p>\n<ul>\n<li><span style=\"color: #0000ff;\"><em><strong>Tournoi D\u00e9couverte Gar\u00e7ons :\u00a0<\/strong><\/em><\/span><\/li>\n<\/ul>\n<p><img loading=\"lazy\" decoding=\"async\" class=\"alignnone  wp-image-4531\" src=\"https:\/\/act-ermont.fr\/wp-content\/uploads\/2023\/03\/TD-Garcons-12-Mars-2-300x135.jpg\" alt=\"\" width=\"360\" height=\"162\" srcset=\"https:\/\/act-ermont.fr\/wp-content\/uploads\/2023\/03\/TD-Garcons-12-Mars-2-300x135.jpg 300w, https:\/\/act-ermont.fr\/wp-content\/uploads\/2023\/03\/TD-Garcons-12-Mars-2-1024x461.jpg 1024w, https:\/\/act-ermont.fr\/wp-content\/uploads\/2023\/03\/TD-Garcons-12-Mars-2-768x346.jpg 768w, https:\/\/act-ermont.fr\/wp-content\/uploads\/2023\/03\/TD-Garcons-12-Mars-2-1536x691.jpg 1536w, https:\/\/act-ermont.fr\/wp-content\/uploads\/2023\/03\/TD-Garcons-12-Mars-2.jpg 2000w\" sizes=\"auto, (max-width: 360px) 100vw, 360px\" \/><\/p>\n<p><img loading=\"lazy\" decoding=\"async\" class=\"alignnone  wp-image-4532\" src=\"https:\/\/act-ermont.fr\/wp-content\/uploads\/2023\/03\/TD-Garcons-12-Mars-3-300x135.jpg\" alt=\"\" width=\"360\" height=\"162\" srcset=\"https:\/\/act-ermont.fr\/wp-content\/uploads\/2023\/03\/TD-Garcons-12-Mars-3-300x135.jpg 300w, https:\/\/act-ermont.fr\/wp-content\/uploads\/2023\/03\/TD-Garcons-12-Mars-3-1024x461.jpg 1024w, https:\/\/act-ermont.fr\/wp-content\/uploads\/2023\/03\/TD-Garcons-12-Mars-3-768x346.jpg 768w, https:\/\/act-ermont.fr\/wp-content\/uploads\/2023\/03\/TD-Garcons-12-Mars-3-1536x691.jpg 1536w, https:\/\/act-ermont.fr\/wp-content\/uploads\/2023\/03\/TD-Garcons-12-Mars-3.jpg 2000w\" sizes=\"auto, (max-width: 360px) 100vw, 360px\" \/><\/p>\n<p><img loading=\"lazy\" decoding=\"async\" class=\"alignnone  wp-image-4536\" src=\"https:\/\/act-ermont.fr\/wp-content\/uploads\/2023\/03\/TD-Garons-12-mars-1-300x135.jpg\" alt=\"\" width=\"360\" height=\"162\" srcset=\"https:\/\/act-ermont.fr\/wp-content\/uploads\/2023\/03\/TD-Garons-12-mars-1-300x135.jpg 300w, https:\/\/act-ermont.fr\/wp-content\/uploads\/2023\/03\/TD-Garons-12-mars-1-1024x461.jpg 1024w, https:\/\/act-ermont.fr\/wp-content\/uploads\/2023\/03\/TD-Garons-12-mars-1-768x346.jpg 768w, https:\/\/act-ermont.fr\/wp-content\/uploads\/2023\/03\/TD-Garons-12-mars-1-1536x691.jpg 1536w, https:\/\/act-ermont.fr\/wp-content\/uploads\/2023\/03\/TD-Garons-12-mars-1.jpg 2000w\" sizes=\"auto, (max-width: 360px) 100vw, 360px\" \/><\/p>\n<p><img loading=\"lazy\" decoding=\"async\" class=\"alignnone  wp-image-4533\" src=\"https:\/\/act-ermont.fr\/wp-content\/uploads\/2023\/03\/TD-Garcons-12-Mars-4-300x135.jpg\" alt=\"\" width=\"360\" height=\"162\" srcset=\"https:\/\/act-ermont.fr\/wp-content\/uploads\/2023\/03\/TD-Garcons-12-Mars-4-300x135.jpg 300w, https:\/\/act-ermont.fr\/wp-content\/uploads\/2023\/03\/TD-Garcons-12-Mars-4-1024x461.jpg 1024w, https:\/\/act-ermont.fr\/wp-content\/uploads\/2023\/03\/TD-Garcons-12-Mars-4-768x346.jpg 768w, https:\/\/act-ermont.fr\/wp-content\/uploads\/2023\/03\/TD-Garcons-12-Mars-4-1536x691.jpg 1536w, https:\/\/act-ermont.fr\/wp-content\/uploads\/2023\/03\/TD-Garcons-12-Mars-4.jpg 2000w\" sizes=\"auto, (max-width: 360px) 100vw, 360px\" \/><\/p>\n<p><img loading=\"lazy\" decoding=\"async\" class=\"alignnone  wp-image-4534\" src=\"https:\/\/act-ermont.fr\/wp-content\/uploads\/2023\/03\/TD-Garcons-12-Mars-5-300x135.jpg\" alt=\"\" width=\"360\" height=\"162\" srcset=\"https:\/\/act-ermont.fr\/wp-content\/uploads\/2023\/03\/TD-Garcons-12-Mars-5-300x135.jpg 300w, https:\/\/act-ermont.fr\/wp-content\/uploads\/2023\/03\/TD-Garcons-12-Mars-5-1024x461.jpg 1024w, https:\/\/act-ermont.fr\/wp-content\/uploads\/2023\/03\/TD-Garcons-12-Mars-5-768x346.jpg 768w, https:\/\/act-ermont.fr\/wp-content\/uploads\/2023\/03\/TD-Garcons-12-Mars-5-1536x691.jpg 1536w, https:\/\/act-ermont.fr\/wp-content\/uploads\/2023\/03\/TD-Garcons-12-Mars-5.jpg 2000w\" sizes=\"auto, (max-width: 360px) 100vw, 360px\" \/><\/p>\n<p><img loading=\"lazy\" decoding=\"async\" class=\"alignnone  wp-image-4535\" src=\"https:\/\/act-ermont.fr\/wp-content\/uploads\/2023\/03\/TD-Garcons-12-mars-300x135.jpg\" alt=\"\" width=\"360\" height=\"162\" srcset=\"https:\/\/act-ermont.fr\/wp-content\/uploads\/2023\/03\/TD-Garcons-12-mars-300x135.jpg 300w, https:\/\/act-ermont.fr\/wp-content\/uploads\/2023\/03\/TD-Garcons-12-mars-1024x461.jpg 1024w, https:\/\/act-ermont.fr\/wp-content\/uploads\/2023\/03\/TD-Garcons-12-mars-768x346.jpg 768w, https:\/\/act-ermont.fr\/wp-content\/uploads\/2023\/03\/TD-Garcons-12-mars-1536x691.jpg 1536w, https:\/\/act-ermont.fr\/wp-content\/uploads\/2023\/03\/TD-Garcons-12-mars.jpg 2000w\" sizes=\"auto, (max-width: 360px) 100vw, 360px\" \/><\/p>\n<p>&nbsp;<\/p>\n<ul>\n<li><span style=\"color: #ff00ff;\"><em><strong>Tournoi D\u00e9couvertes Filles :\u00a0<\/strong><\/em><\/span><\/li>\n<\/ul>\n<p><a href=\"https:\/\/www.canva.com\/design\/DAFeHzkqagE\/cFHKklR2nIqF3atZbNHt_w\/edit?utm_content=DAFeHzkqagE&amp;utm_campaign=designshare&amp;utm_medium=link2&amp;utm_source=sharebutton\">Vid\u00e9os de la journ\u00e9e.<\/a><\/p>\n<p>&nbsp;<\/p>\n<p><img loading=\"lazy\" decoding=\"async\" class=\"alignnone  wp-image-4537\" src=\"https:\/\/act-ermont.fr\/wp-content\/uploads\/2023\/03\/TD-Filles-19-Mars-1-300x225.jpg\" alt=\"\" width=\"355\" height=\"266\" srcset=\"https:\/\/act-ermont.fr\/wp-content\/uploads\/2023\/03\/TD-Filles-19-Mars-1-300x225.jpg 300w, https:\/\/act-ermont.fr\/wp-content\/uploads\/2023\/03\/TD-Filles-19-Mars-1-768x576.jpg 768w, https:\/\/act-ermont.fr\/wp-content\/uploads\/2023\/03\/TD-Filles-19-Mars-1-678x509.jpg 678w, https:\/\/act-ermont.fr\/wp-content\/uploads\/2023\/03\/TD-Filles-19-Mars-1-326x245.jpg 326w, https:\/\/act-ermont.fr\/wp-content\/uploads\/2023\/03\/TD-Filles-19-Mars-1-80x60.jpg 80w, https:\/\/act-ermont.fr\/wp-content\/uploads\/2023\/03\/TD-Filles-19-Mars-1.jpg 1024w\" sizes=\"auto, (max-width: 355px) 100vw, 355px\" \/><\/p>\n<p>&nbsp;<\/p>\n<p>&nbsp;<\/p>\n<p>Les enfants sont repartis avec des lots et la convivialit\u00e9 \u00e9tait au rendez-vous !<\/p>\n<p>&nbsp;<\/p>\n<p>A tr\u00e8s bient\u00f4t sur nos terrains de l&rsquo;ACTE !<\/p>\n","protected":false},"excerpt":{"rendered":"<div class=\"mh-excerpt\"><p>Chers adh\u00e9rents et sympathisants de l&rsquo;ACTE, &nbsp; Nous avons eu l&rsquo;honneur d&rsquo;organiser 2 Tournois D\u00e9couvertes de niveau ORANGE pour les Filles et Gar\u00e7ons.<\/p>\n<\/div>","protected":false},"author":3,"featured_media":4530,"comment_status":"closed","ping_status":"closed","sticky":false,"template":"","format":"standard","meta":{"footnotes":""},"categories":[2,5],"tags":[],"class_list":{"0":"post-4529","1":"post","2":"type-post","3":"status-publish","4":"format-standard","5":"has-post-thumbnail","7":"category-slider","8":"category-animations-jeunes"},"_links":{"self":[{"href":"https:\/\/act-ermont.fr\/index.php?rest_route=\/wp\/v2\/posts\/4529","targetHints":{"allow":["GET"]}}],"collection":[{"href":"https:\/\/act-ermont.fr\/index.php?rest_route=\/wp\/v2\/posts"}],"about":[{"href":"https:\/\/act-ermont.fr\/index.php?rest_route=\/wp\/v2\/types\/post"}],"author":[{"embeddable":true,"href":"https:\/\/act-ermont.fr\/index.php?rest_route=\/wp\/v2\/users\/3"}],"replies":[{"embeddable":true,"href":"https:\/\/act-ermont.fr\/index.php?rest_route=%2Fwp%2Fv2%2Fcomments&post=4529"}],"version-history":[{"count":1,"href":"https:\/\/act-ermont.fr\/index.php?rest_route=\/wp\/v2\/posts\/4529\/revisions"}],"predecessor-version":[{"id":4538,"href":"https:\/\/act-ermont.fr\/index.php?rest_route=\/wp\/v2\/posts\/4529\/revisions\/4538"}],"wp:featuredmedia":[{"embeddable":true,"href":"https:\/\/act-ermont.fr\/index.php?rest_route=\/wp\/v2\/media\/4530"}],"wp:attachment":[{"href":"https:\/\/act-ermont.fr\/index.php?rest_route=%2Fwp%2Fv2%2Fmedia&parent=4529"}],"wp:term":[{"taxonomy":"category","embeddable":true,"href":"https:\/\/act-ermont.fr\/index.php?rest_route=%2Fwp%2Fv2%2Fcategories&post=4529"},{"taxonomy":"post_tag","embeddable":true,"href":"https:\/\/act-ermont.fr\/index.php?rest_route=%2Fwp%2Fv2%2Ftags&post=4529"}],"curies":[{"name":"wp","href":"https:\/\/api.w.org\/{rel}","templated":true}]}}