{"id":4554,"date":"2023-04-14T09:35:22","date_gmt":"2023-04-14T09:35:22","guid":{"rendered":"https:\/\/act-ermont.fr\/?p=4554"},"modified":"2023-04-14T09:35:22","modified_gmt":"2023-04-14T09:35:22","slug":"poussins-de-paques-2-avril-2023","status":"publish","type":"post","link":"https:\/\/act-ermont.fr\/?p=4554","title":{"rendered":"Poussins de P\u00e2ques &#8211; 2 Avril 2023"},"content":{"rendered":"<p>Chers adh\u00e9rents et sympathisants de l&rsquo;ACTE,<\/p>\n<p>&nbsp;<\/p>\n<p>Ce <strong>2 Avril<\/strong> marque un \u00e9v\u00e8nement annuel tr\u00e8s important pour le Club : <strong><span style=\"color: #800080;\">les<\/span> <span style=\"color: #ff6600;\">Poussins<\/span> <span style=\"color: #3366ff;\">de<\/span> <span style=\"color: #008000;\">P\u00e2ques<\/span> !<\/strong><\/p>\n<p><!--more--><\/p>\n<p>En effet, chaque ann\u00e9e, nous avons l&rsquo;honneur d&rsquo;organiser une journ\u00e9e sp\u00e9cialement d\u00e9di\u00e9e pour nos enfants de 8ans et moins de niveau <span style=\"color: #ff0000;\">Rouge<\/span> un grand tournoi non officiel avec des ateliers de jeux tout au long de la journ\u00e9e !<\/p>\n<p><em>Programme de la Journ\u00e9e :<\/em><\/p>\n<ul>\n<li dir=\"auto\"><strong>9h30 :<\/strong> Accueil des enfants<\/li>\n<li dir=\"auto\"><strong>10h :<\/strong> Tournois par poules (tennis et challenges)<\/li>\n<li dir=\"auto\"><strong>11h45 \u00e0 13h :<\/strong> Repas<\/li>\n<li dir=\"auto\"><strong>13h :<\/strong> Activit\u00e9s calmes et relaxantes (contes &#8211; film &#8211; dessin)<\/li>\n<li dir=\"auto\"><strong>14h \u00e0 15h15 :<\/strong> Ateliers jeux, matchs et challenges<\/li>\n<li dir=\"auto\"><strong>15h30 :<\/strong> Go\u00fbter, remise des lots, et autres surprises<\/li>\n<li dir=\"auto\"><strong>16h00 :<\/strong> Fin de la journ\u00e9e.<\/li>\n<\/ul>\n<p>Organiser cet \u00e9v\u00e8nement important est tr\u00e8s cher \u00e0 l&rsquo;Equipe de l&rsquo;ACTE !<\/p>\n<p>&nbsp;<\/p>\n<p>Vous pouvez revivre cette belle Journ\u00e9e en photos et vid\u00e9os sur notre compte YouTube :\u00a0<a href=\"https:\/\/www.youtube.com\/watch?v=7G9ZN7aJby4\">Poussins de P\u00e2ques 2023<\/a><\/p>\n<p>&nbsp;<\/p>\n<p>A l&rsquo;ann\u00e9e prochaine pour de nouvelles aventures !<\/p>\n<p>&nbsp;<\/p>\n<p>&nbsp;<\/p>\n","protected":false},"excerpt":{"rendered":"<div class=\"mh-excerpt\"><p>Chers adh\u00e9rents et sympathisants de l&rsquo;ACTE, &nbsp; Ce 2 Avril marque un \u00e9v\u00e8nement annuel tr\u00e8s important pour le Club : les Poussins de P\u00e2ques !<\/p>\n<\/div>","protected":false},"author":3,"featured_media":4555,"comment_status":"closed","ping_status":"closed","sticky":false,"template":"","format":"standard","meta":{"footnotes":""},"categories":[2,5],"tags":[],"class_list":{"0":"post-4554","1":"post","2":"type-post","3":"status-publish","4":"format-standard","5":"has-post-thumbnail","7":"category-slider","8":"category-animations-jeunes"},"_links":{"self":[{"href":"https:\/\/act-ermont.fr\/index.php?rest_route=\/wp\/v2\/posts\/4554","targetHints":{"allow":["GET"]}}],"collection":[{"href":"https:\/\/act-ermont.fr\/index.php?rest_route=\/wp\/v2\/posts"}],"about":[{"href":"https:\/\/act-ermont.fr\/index.php?rest_route=\/wp\/v2\/types\/post"}],"author":[{"embeddable":true,"href":"https:\/\/act-ermont.fr\/index.php?rest_route=\/wp\/v2\/users\/3"}],"replies":[{"embeddable":true,"href":"https:\/\/act-ermont.fr\/index.php?rest_route=%2Fwp%2Fv2%2Fcomments&post=4554"}],"version-history":[{"count":1,"href":"https:\/\/act-ermont.fr\/index.php?rest_route=\/wp\/v2\/posts\/4554\/revisions"}],"predecessor-version":[{"id":4556,"href":"https:\/\/act-ermont.fr\/index.php?rest_route=\/wp\/v2\/posts\/4554\/revisions\/4556"}],"wp:featuredmedia":[{"embeddable":true,"href":"https:\/\/act-ermont.fr\/index.php?rest_route=\/wp\/v2\/media\/4555"}],"wp:attachment":[{"href":"https:\/\/act-ermont.fr\/index.php?rest_route=%2Fwp%2Fv2%2Fmedia&parent=4554"}],"wp:term":[{"taxonomy":"category","embeddable":true,"href":"https:\/\/act-ermont.fr\/index.php?rest_route=%2Fwp%2Fv2%2Fcategories&post=4554"},{"taxonomy":"post_tag","embeddable":true,"href":"https:\/\/act-ermont.fr\/index.php?rest_route=%2Fwp%2Fv2%2Ftags&post=4554"}],"curies":[{"name":"wp","href":"https:\/\/api.w.org\/{rel}","templated":true}]}}