{"id":4728,"date":"2024-01-31T10:06:36","date_gmt":"2024-01-31T10:06:36","guid":{"rendered":"https:\/\/act-ermont.fr\/?p=4728"},"modified":"2024-01-31T10:07:05","modified_gmt":"2024-01-31T10:07:05","slug":"coupe-caren-vdo-2024-35ans","status":"publish","type":"post","link":"https:\/\/act-ermont.fr\/?p=4728","title":{"rendered":"Coupe CAREN VDO 2024 : +35ans"},"content":{"rendered":"<p>Dans cet article, vous pourrez suivre les r\u00e9sultats de notre \u00e9quipe engag\u00e9e dans la Coupe CAREN pour la saison 2023\/2024.<\/p>\n<p>Pas d&rsquo;\u00e9quipe Femme cette ann\u00e9e.<\/p>\n<p><!--more--><\/p>\n<p>&nbsp;<\/p>\n<h3><strong>Journ\u00e9e 1 (7 Janvier) :\u00a0<\/strong><\/h3>\n<p>&nbsp;<\/p>\n<ul>\n<li><strong>+35ans Homme (Division 1 &#8211; Poule B) :<\/strong><\/li>\n<\/ul>\n<p><span style=\"color: #0000ff;\"><strong>ERMONT ACT 1 <\/strong><\/span>vs Franconville TC 1 :<span style=\"color: #008000;\"><strong> victoire 4 &#8211; 0<\/strong><\/span><\/p>\n<p>&nbsp;<\/p>\n<p>&nbsp;<\/p>\n<h3><strong>Journ\u00e9e 2 (14 Janvier) :\u00a0<\/strong><\/h3>\n<p>&nbsp;<\/p>\n<ul>\n<li><strong>+35ans Homme (Division 1 &#8211; Poule B) :<\/strong><\/li>\n<\/ul>\n<p><span style=\"color: #0000ff;\"><span style=\"color: #000000;\">Pontoise TC 1 vs <\/span><strong>ERMONT ACT 1<\/strong><\/span>\u00a0:<span style=\"color: #008000;\"><strong> victoire 1 &#8211; 3<\/strong><\/span><\/p>\n<p>&nbsp;<\/p>\n<p>&nbsp;<\/p>\n<h3><strong>Journ\u00e9e 3 (21 Janvier) :\u00a0<\/strong><\/h3>\n<p>&nbsp;<\/p>\n<ul>\n<li><strong>+35ans Homme (Division 1 &#8211; Poule B) :<\/strong><\/li>\n<\/ul>\n<p><span style=\"color: #0000ff;\"><strong>ERMONT ACT 1 <\/strong><\/span>vs Jocassien TC 1 :<span style=\"color: #008000;\"><strong> victoire 3 &#8211; 1<\/strong><\/span><\/p>\n<p>&nbsp;<\/p>\n<p>&nbsp;<\/p>\n<h3><strong>Journ\u00e9e 4 (28 Janvier) :\u00a0<\/strong><\/h3>\n<p>&nbsp;<\/p>\n<ul>\n<li><strong>+35ans Homme (Division 1 &#8211; Poule B) :<\/strong><\/li>\n<\/ul>\n<p><span style=\"color: #0000ff;\"><span style=\"color: #000000;\">Deuil USDEM 1 vs <\/span><strong>ERMONT ACT 1<\/strong><\/span>\u00a0:<span style=\"color: #008000;\"><strong> victoire 0 &#8211; 4<\/strong><\/span><\/p>\n<p>&nbsp;<\/p>\n","protected":false},"excerpt":{"rendered":"<div class=\"mh-excerpt\"><p>Dans cet article, vous pourrez suivre les r\u00e9sultats de notre \u00e9quipe engag\u00e9e dans la Coupe CAREN pour la saison 2023\/2024. Pas d&rsquo;\u00e9quipe Femme cette ann\u00e9e.<\/p>\n<\/div>","protected":false},"author":3,"featured_media":3085,"comment_status":"closed","ping_status":"closed","sticky":false,"template":"","format":"standard","meta":{"footnotes":""},"categories":[2,20],"tags":[],"class_list":{"0":"post-4728","1":"post","2":"type-post","3":"status-publish","4":"format-standard","5":"has-post-thumbnail","7":"category-slider","8":"category-les-performances-de-nos-equipes"},"_links":{"self":[{"href":"https:\/\/act-ermont.fr\/index.php?rest_route=\/wp\/v2\/posts\/4728","targetHints":{"allow":["GET"]}}],"collection":[{"href":"https:\/\/act-ermont.fr\/index.php?rest_route=\/wp\/v2\/posts"}],"about":[{"href":"https:\/\/act-ermont.fr\/index.php?rest_route=\/wp\/v2\/types\/post"}],"author":[{"embeddable":true,"href":"https:\/\/act-ermont.fr\/index.php?rest_route=\/wp\/v2\/users\/3"}],"replies":[{"embeddable":true,"href":"https:\/\/act-ermont.fr\/index.php?rest_route=%2Fwp%2Fv2%2Fcomments&post=4728"}],"version-history":[{"count":3,"href":"https:\/\/act-ermont.fr\/index.php?rest_route=\/wp\/v2\/posts\/4728\/revisions"}],"predecessor-version":[{"id":4821,"href":"https:\/\/act-ermont.fr\/index.php?rest_route=\/wp\/v2\/posts\/4728\/revisions\/4821"}],"wp:featuredmedia":[{"embeddable":true,"href":"https:\/\/act-ermont.fr\/index.php?rest_route=\/wp\/v2\/media\/3085"}],"wp:attachment":[{"href":"https:\/\/act-ermont.fr\/index.php?rest_route=%2Fwp%2Fv2%2Fmedia&parent=4728"}],"wp:term":[{"taxonomy":"category","embeddable":true,"href":"https:\/\/act-ermont.fr\/index.php?rest_route=%2Fwp%2Fv2%2Fcategories&post=4728"},{"taxonomy":"post_tag","embeddable":true,"href":"https:\/\/act-ermont.fr\/index.php?rest_route=%2Fwp%2Fv2%2Ftags&post=4728"}],"curies":[{"name":"wp","href":"https:\/\/api.w.org\/{rel}","templated":true}]}}