{"id":4732,"date":"2024-01-31T10:09:07","date_gmt":"2024-01-31T10:09:07","guid":{"rendered":"https:\/\/act-ermont.fr\/?p=4732"},"modified":"2024-01-31T10:14:21","modified_gmt":"2024-01-31T10:14:21","slug":"championnat-hiver-10ans-et-moins-vert-mixte","status":"publish","type":"post","link":"https:\/\/act-ermont.fr\/?p=4732","title":{"rendered":"Championnat Hiver 10ans et moins Vert Mixte"},"content":{"rendered":"<p>Dans cet article, vous pourrez suivre les r\u00e9sultats de notre \u00e9quipe engag\u00e9e dans les Championnats d&rsquo;Hiver pour les 10ans et moins de niveau Vert en Mixte.<\/p>\n<p><!--more--><\/p>\n<p>&nbsp;<\/p>\n<h3><strong>Journ\u00e9e 1 (7 Janvier) :\u00a0<\/strong><\/h3>\n<p>&nbsp;<\/p>\n<ul>\n<li><strong>10ans Vert Mixte (Division Unique &#8211; Poule B) :<\/strong><\/li>\n<\/ul>\n<p>Notre \u00e9quipe est <em>Exempt<\/em> pour cette journ\u00e9e.<\/p>\n<p>&nbsp;<\/p>\n<p>&nbsp;<\/p>\n<h3><strong>Journ\u00e9e 2 (14 Janvier) :\u00a0<\/strong><\/h3>\n<p>&nbsp;<\/p>\n<ul>\n<li><strong>10ans Vert Mixte (Division Unique &#8211; Poule B) :<\/strong><\/li>\n<\/ul>\n<p><span style=\"color: #0000ff;\"><strong>ERMONT ACT 1 <\/strong><\/span>vs Vaur\u00e9al TC 1 :<span style=\"color: #008000;\"><strong> victoire 2 &#8211; 1<\/strong><\/span><\/p>\n<p>&nbsp;<\/p>\n<p>&nbsp;<\/p>\n<h3><strong>Journ\u00e9e 3 (21 Janvier) :\u00a0<\/strong><\/h3>\n<p>&nbsp;<\/p>\n<ul>\n<li><strong>10ans Vert Mixte (Division Unique &#8211; Poule B) :<\/strong><\/li>\n<\/ul>\n<p><span style=\"color: #0000ff;\"><span style=\"color: #000000;\">Taverny CCT 2 vs<\/span><strong> ERMONT ACT 1<\/strong><\/span>\u00a0:<span style=\"color: #008000;\"><strong> victoire 1 &#8211; 2<\/strong><\/span><\/p>\n<p>&nbsp;<\/p>\n<p>&nbsp;<\/p>\n<p>&nbsp;<\/p>\n<h3><strong>Journ\u00e9e 4 (28 Janvier) :\u00a0<\/strong><\/h3>\n<p>&nbsp;<\/p>\n<ul>\n<li><strong>10ans Vert Mixte (Division Unique &#8211; Poule B) :<\/strong><\/li>\n<\/ul>\n<p><span style=\"color: #0000ff;\"><strong>ERMONT ACT 1 <\/strong><\/span>vs Osny ATL 1 :<span style=\"color: #008000;\"><strong> victoire 2 &#8211; 1<\/strong><\/span><\/p>\n","protected":false},"excerpt":{"rendered":"<div class=\"mh-excerpt\"><p>Dans cet article, vous pourrez suivre les r\u00e9sultats de notre \u00e9quipe engag\u00e9e dans les Championnats d&rsquo;Hiver pour les 10ans et moins de niveau Vert en Mixte.<\/p>\n<\/div>","protected":false},"author":3,"featured_media":3085,"comment_status":"closed","ping_status":"closed","sticky":false,"template":"","format":"standard","meta":{"footnotes":""},"categories":[2,20],"tags":[],"class_list":{"0":"post-4732","1":"post","2":"type-post","3":"status-publish","4":"format-standard","5":"has-post-thumbnail","7":"category-slider","8":"category-les-performances-de-nos-equipes"},"_links":{"self":[{"href":"https:\/\/act-ermont.fr\/index.php?rest_route=\/wp\/v2\/posts\/4732","targetHints":{"allow":["GET"]}}],"collection":[{"href":"https:\/\/act-ermont.fr\/index.php?rest_route=\/wp\/v2\/posts"}],"about":[{"href":"https:\/\/act-ermont.fr\/index.php?rest_route=\/wp\/v2\/types\/post"}],"author":[{"embeddable":true,"href":"https:\/\/act-ermont.fr\/index.php?rest_route=\/wp\/v2\/users\/3"}],"replies":[{"embeddable":true,"href":"https:\/\/act-ermont.fr\/index.php?rest_route=%2Fwp%2Fv2%2Fcomments&post=4732"}],"version-history":[{"count":3,"href":"https:\/\/act-ermont.fr\/index.php?rest_route=\/wp\/v2\/posts\/4732\/revisions"}],"predecessor-version":[{"id":4735,"href":"https:\/\/act-ermont.fr\/index.php?rest_route=\/wp\/v2\/posts\/4732\/revisions\/4735"}],"wp:featuredmedia":[{"embeddable":true,"href":"https:\/\/act-ermont.fr\/index.php?rest_route=\/wp\/v2\/media\/3085"}],"wp:attachment":[{"href":"https:\/\/act-ermont.fr\/index.php?rest_route=%2Fwp%2Fv2%2Fmedia&parent=4732"}],"wp:term":[{"taxonomy":"category","embeddable":true,"href":"https:\/\/act-ermont.fr\/index.php?rest_route=%2Fwp%2Fv2%2Fcategories&post=4732"},{"taxonomy":"post_tag","embeddable":true,"href":"https:\/\/act-ermont.fr\/index.php?rest_route=%2Fwp%2Fv2%2Ftags&post=4732"}],"curies":[{"name":"wp","href":"https:\/\/api.w.org\/{rel}","templated":true}]}}