{"id":4840,"date":"2024-03-16T15:15:28","date_gmt":"2024-03-16T15:15:28","guid":{"rendered":"https:\/\/act-ermont.fr\/?p=4840"},"modified":"2024-03-16T15:15:28","modified_gmt":"2024-03-16T15:15:28","slug":"stages-vacances-avril-2024","status":"publish","type":"post","link":"https:\/\/act-ermont.fr\/?p=4840","title":{"rendered":"Stages vacances Avril 2024."},"content":{"rendered":"<p>Chers adh\u00e9rents et sympathisants de l&rsquo;ACTE,<\/p>\n<p>Dans cet article, vous retrouverez nos dates et nos formulaires d&rsquo;inscription pour nos prochains stages des vacances d&rsquo;Avril 2024.<\/p>\n<p><!--more--><\/p>\n<p>&nbsp;<\/p>\n<p>Nous vous demandons de <strong>remplir le document puis de nous l&rsquo;envoyer d\u00fbment compl\u00e9t\u00e9<\/strong>. Le niveau de couleur est important pour constituer les groupes.<\/p>\n<p>&nbsp;<\/p>\n<p>Vous retrouverez nos 3 formules :<\/p>\n<ul>\n<li><strong>1h\/jour<\/strong><\/li>\n<li><strong>2h\/jour<\/strong><\/li>\n<li><strong>Intensif (toute la journ\u00e9e)<\/strong><\/li>\n<\/ul>\n<p>&nbsp;<\/p>\n<h3><span style=\"color: #993366;\">1\u00e8re semaine<\/span><\/h3>\n<p>Du 19 au 23 F\u00e9vrier : <a href=\"https:\/\/act-ermont.fr\/wp-content\/uploads\/2024\/03\/Stages-Avril-2024-Sem-1.pdf\">Stages Avril 2024 &#8211; Sem 1<\/a><\/p>\n<p>&nbsp;<\/p>\n<h3><span style=\"color: #008000;\">2\u00e8me semaine<\/span><\/h3>\n<p>Du 26 F\u00e9vrier au 1er Mars : <a href=\"https:\/\/act-ermont.fr\/wp-content\/uploads\/2024\/03\/Stages-Avril-2024-Sem-2.pdf\">Stages Avril 2024 &#8211; Sem 2<\/a><\/p>\n<p>&nbsp;<\/p>\n<p>&nbsp;<\/p>\n<p>Pour de plus amples informations, n&rsquo;h\u00e9sitez pas \u00e0 contacter <strong>L\u00e9o JAN : 06.59.14.99.70<\/strong><\/p>\n<p>Ou bien l&rsquo;Accueil du Club au 01.34.15.25.00 \/ accueil@act-ermont.fr<\/p>\n<p>&nbsp;<\/p>\n<p>A tr\u00e8s vite sur nos terrains !<\/p>\n","protected":false},"excerpt":{"rendered":"<div class=\"mh-excerpt\"><p>Chers adh\u00e9rents et sympathisants de l&rsquo;ACTE, Dans cet article, vous retrouverez nos dates et nos formulaires d&rsquo;inscription pour nos prochains stages des vacances d&rsquo;Avril 2024.<\/p>\n<\/div>","protected":false},"author":3,"featured_media":3077,"comment_status":"closed","ping_status":"closed","sticky":false,"template":"","format":"standard","meta":{"footnotes":""},"categories":[2,27],"tags":[],"class_list":{"0":"post-4840","1":"post","2":"type-post","3":"status-publish","4":"format-standard","5":"has-post-thumbnail","7":"category-slider","8":"category-stages-jeunes"},"_links":{"self":[{"href":"https:\/\/act-ermont.fr\/index.php?rest_route=\/wp\/v2\/posts\/4840","targetHints":{"allow":["GET"]}}],"collection":[{"href":"https:\/\/act-ermont.fr\/index.php?rest_route=\/wp\/v2\/posts"}],"about":[{"href":"https:\/\/act-ermont.fr\/index.php?rest_route=\/wp\/v2\/types\/post"}],"author":[{"embeddable":true,"href":"https:\/\/act-ermont.fr\/index.php?rest_route=\/wp\/v2\/users\/3"}],"replies":[{"embeddable":true,"href":"https:\/\/act-ermont.fr\/index.php?rest_route=%2Fwp%2Fv2%2Fcomments&post=4840"}],"version-history":[{"count":1,"href":"https:\/\/act-ermont.fr\/index.php?rest_route=\/wp\/v2\/posts\/4840\/revisions"}],"predecessor-version":[{"id":4843,"href":"https:\/\/act-ermont.fr\/index.php?rest_route=\/wp\/v2\/posts\/4840\/revisions\/4843"}],"wp:featuredmedia":[{"embeddable":true,"href":"https:\/\/act-ermont.fr\/index.php?rest_route=\/wp\/v2\/media\/3077"}],"wp:attachment":[{"href":"https:\/\/act-ermont.fr\/index.php?rest_route=%2Fwp%2Fv2%2Fmedia&parent=4840"}],"wp:term":[{"taxonomy":"category","embeddable":true,"href":"https:\/\/act-ermont.fr\/index.php?rest_route=%2Fwp%2Fv2%2Fcategories&post=4840"},{"taxonomy":"post_tag","embeddable":true,"href":"https:\/\/act-ermont.fr\/index.php?rest_route=%2Fwp%2Fv2%2Ftags&post=4840"}],"curies":[{"name":"wp","href":"https:\/\/api.w.org\/{rel}","templated":true}]}}