{"id":4929,"date":"2024-06-14T09:17:39","date_gmt":"2024-06-14T09:17:39","guid":{"rendered":"https:\/\/act-ermont.fr\/?p=4929"},"modified":"2024-08-27T14:59:44","modified_gmt":"2024-08-27T14:59:44","slug":"stages-jeunes-ete-2024","status":"publish","type":"post","link":"https:\/\/act-ermont.fr\/?p=4929","title":{"rendered":"Stages Jeunes ETE 2024"},"content":{"rendered":"<p>Chers adh\u00e9rents et sympathisants de l&rsquo;ACTE,<\/p>\n<p>&nbsp;<\/p>\n<p>Dans cet article, vous retrouverez nos stages estivaux pour cet \u00e9t\u00e9 2024 !<\/p>\n<p>Nous vous proposons <strong>3 formules \u00e0 la semaine<\/strong> :<\/p>\n<ul>\n<li><strong>1h\/jour<\/strong><\/li>\n<li><strong>2h\/jour<\/strong><\/li>\n<li><strong>Intensif (toute la journ\u00e9e)<\/strong><\/li>\n<\/ul>\n<p>Pour chaque semaine, vous avez un r\u00e9f\u00e9rent associ\u00e9. Il est <strong>primordial de s&rsquo;inscrire avec le formulaire rempli<\/strong> et le retourner soit au r\u00e9f\u00e9rent soit \u00e0 l&rsquo;Accueil du Club.<\/p>\n<p>Le r\u00e8glement se fait en esp\u00e8ces ou bien en ch\u00e8ques.<\/p>\n<p>Formulaire d&rsquo;inscription : <a href=\"https:\/\/act-ermont.fr\/wp-content\/uploads\/2024\/06\/Stages-ete-2024.pdf\">Stages \u00e9t\u00e9 2024<\/a><\/p>\n<p>&nbsp;<\/p>\n<p>A tr\u00e8s vite sur nos terrains !<\/p>\n<p>&nbsp;<\/p>\n<p>&nbsp;<\/p>\n","protected":false},"excerpt":{"rendered":"<div class=\"mh-excerpt\"><p>Chers adh\u00e9rents et sympathisants de l&rsquo;ACTE, &nbsp; Dans cet article, vous retrouverez nos stages estivaux pour cet \u00e9t\u00e9 2024 ! Nous vous proposons 3 formules \u00e0 la semaine : 1h\/jour 2h\/jour Intensif (toute la journ\u00e9e) <a class=\"mh-excerpt-more\" href=\"https:\/\/act-ermont.fr\/?p=4929\" title=\"Stages Jeunes ETE 2024\">[&#8230;]<\/a><\/p>\n<\/div>","protected":false},"author":3,"featured_media":3083,"comment_status":"closed","ping_status":"closed","sticky":false,"template":"","format":"standard","meta":{"footnotes":""},"categories":[27],"tags":[],"class_list":{"0":"post-4929","1":"post","2":"type-post","3":"status-publish","4":"format-standard","5":"has-post-thumbnail","7":"category-stages-jeunes"},"_links":{"self":[{"href":"https:\/\/act-ermont.fr\/index.php?rest_route=\/wp\/v2\/posts\/4929","targetHints":{"allow":["GET"]}}],"collection":[{"href":"https:\/\/act-ermont.fr\/index.php?rest_route=\/wp\/v2\/posts"}],"about":[{"href":"https:\/\/act-ermont.fr\/index.php?rest_route=\/wp\/v2\/types\/post"}],"author":[{"embeddable":true,"href":"https:\/\/act-ermont.fr\/index.php?rest_route=\/wp\/v2\/users\/3"}],"replies":[{"embeddable":true,"href":"https:\/\/act-ermont.fr\/index.php?rest_route=%2Fwp%2Fv2%2Fcomments&post=4929"}],"version-history":[{"count":1,"href":"https:\/\/act-ermont.fr\/index.php?rest_route=\/wp\/v2\/posts\/4929\/revisions"}],"predecessor-version":[{"id":4931,"href":"https:\/\/act-ermont.fr\/index.php?rest_route=\/wp\/v2\/posts\/4929\/revisions\/4931"}],"wp:featuredmedia":[{"embeddable":true,"href":"https:\/\/act-ermont.fr\/index.php?rest_route=\/wp\/v2\/media\/3083"}],"wp:attachment":[{"href":"https:\/\/act-ermont.fr\/index.php?rest_route=%2Fwp%2Fv2%2Fmedia&parent=4929"}],"wp:term":[{"taxonomy":"category","embeddable":true,"href":"https:\/\/act-ermont.fr\/index.php?rest_route=%2Fwp%2Fv2%2Fcategories&post=4929"},{"taxonomy":"post_tag","embeddable":true,"href":"https:\/\/act-ermont.fr\/index.php?rest_route=%2Fwp%2Fv2%2Ftags&post=4929"}],"curies":[{"name":"wp","href":"https:\/\/api.w.org\/{rel}","templated":true}]}}