{"id":5010,"date":"2024-09-24T10:31:28","date_gmt":"2024-09-24T10:31:28","guid":{"rendered":"https:\/\/act-ermont.fr\/?p=5010"},"modified":"2024-09-24T10:31:48","modified_gmt":"2024-09-24T10:31:48","slug":"evenements-sportifs-saison-2024-2025-2","status":"publish","type":"post","link":"https:\/\/act-ermont.fr\/?p=5010","title":{"rendered":"Ev\u00e9nements sportifs &#8211; saison 2024\/2025"},"content":{"rendered":"<p>Chers adh\u00e9rents, Chers sympathisants de l\u2019ACTE,<\/p>\n<p>&nbsp;<\/p>\n<p>Ici, sur cet article, vous trouverez tout notre calendrier sportif de la saison 2024\/2025.<\/p>\n<p><!--more--><\/p>\n<p>&nbsp;<\/p>\n<ul>\n<li><span style=\"color: #993366;\"><strong>Informations Ecole de Tennis :<\/strong><\/span><\/li>\n<\/ul>\n<p>Tous nos \u00e9v\u00e9nements sont sur inscriptions. Ces derni\u00e8res se feront via des QR Code ou bien sur des Google Forms.<\/p>\n<p>Il faudra rester attentif \u00e0 nos prochaines communications !<\/p>\n<p>Seuls les \u00e9v\u00e9nements \u00ab\u00a0Plateaux\u00a0\u00bb seront gratuits.<\/p>\n<p><a href=\"https:\/\/act-ermont.fr\/wp-content\/uploads\/2024\/09\/Depliant-Stages-ET.pdf\">Ev\u00e9nements Ecole de Tennis<\/a><\/p>\n<p>&nbsp;<\/p>\n<p>A tr\u00e8s vite sur les terrains de l&rsquo;ACTE !<\/p>\n<p>&nbsp;<\/p>\n<p>&nbsp;<\/p>\n","protected":false},"excerpt":{"rendered":"<div class=\"mh-excerpt\"><p>Chers adh\u00e9rents, Chers sympathisants de l\u2019ACTE, &nbsp; Ici, sur cet article, vous trouverez tout notre calendrier sportif de la saison 2024\/2025.<\/p>\n<\/div>","protected":false},"author":3,"featured_media":5008,"comment_status":"closed","ping_status":"closed","sticky":false,"template":"","format":"standard","meta":{"footnotes":""},"categories":[32],"tags":[],"class_list":{"0":"post-5010","1":"post","2":"type-post","3":"status-publish","4":"format-standard","5":"has-post-thumbnail","7":"category-ecoledetennis"},"_links":{"self":[{"href":"https:\/\/act-ermont.fr\/index.php?rest_route=\/wp\/v2\/posts\/5010","targetHints":{"allow":["GET"]}}],"collection":[{"href":"https:\/\/act-ermont.fr\/index.php?rest_route=\/wp\/v2\/posts"}],"about":[{"href":"https:\/\/act-ermont.fr\/index.php?rest_route=\/wp\/v2\/types\/post"}],"author":[{"embeddable":true,"href":"https:\/\/act-ermont.fr\/index.php?rest_route=\/wp\/v2\/users\/3"}],"replies":[{"embeddable":true,"href":"https:\/\/act-ermont.fr\/index.php?rest_route=%2Fwp%2Fv2%2Fcomments&post=5010"}],"version-history":[{"count":2,"href":"https:\/\/act-ermont.fr\/index.php?rest_route=\/wp\/v2\/posts\/5010\/revisions"}],"predecessor-version":[{"id":5012,"href":"https:\/\/act-ermont.fr\/index.php?rest_route=\/wp\/v2\/posts\/5010\/revisions\/5012"}],"wp:featuredmedia":[{"embeddable":true,"href":"https:\/\/act-ermont.fr\/index.php?rest_route=\/wp\/v2\/media\/5008"}],"wp:attachment":[{"href":"https:\/\/act-ermont.fr\/index.php?rest_route=%2Fwp%2Fv2%2Fmedia&parent=5010"}],"wp:term":[{"taxonomy":"category","embeddable":true,"href":"https:\/\/act-ermont.fr\/index.php?rest_route=%2Fwp%2Fv2%2Fcategories&post=5010"},{"taxonomy":"post_tag","embeddable":true,"href":"https:\/\/act-ermont.fr\/index.php?rest_route=%2Fwp%2Fv2%2Ftags&post=5010"}],"curies":[{"name":"wp","href":"https:\/\/api.w.org\/{rel}","templated":true}]}}