{"id":5098,"date":"2025-02-19T09:40:32","date_gmt":"2025-02-19T09:40:32","guid":{"rendered":"https:\/\/act-ermont.fr\/?p=5098"},"modified":"2025-02-19T14:29:17","modified_gmt":"2025-02-19T14:29:17","slug":"inscription-poussins-de-paques-2025","status":"publish","type":"post","link":"https:\/\/act-ermont.fr\/?p=5098","title":{"rendered":"Inscription Poussins de P\u00e2ques 2025."},"content":{"rendered":"<p><span style=\"color: #000000;\">Chers adh\u00e9rents et chers sympathisants de l&rsquo;ACTE,<\/span><\/p>\n<p>&nbsp;<\/p>\n<p><span style=\"color: #000000;\">L&rsquo;Edition 2025 de nos c\u00e9l\u00e8bres Poussins de P\u00e2ques arrive bient\u00f4t !\u00a0<\/span><\/p>\n<h4><span style=\"color: #000000;\">En effet, c&rsquo;est en date du<\/span> <span style=\"color: #ff0000;\"><strong>dimanche 23 Mars<\/strong> <span style=\"color: #000000;\">(9h30 &#8211; 16h) <\/span><span style=\"color: #000000;\">q<\/span><\/span>u&rsquo;aura lieu notre animation en partenariat avec le Comit\u00e9 du Val d&rsquo;Oise !<\/h4>\n<p><span style=\"color: #000000;\">Cet \u00e9v\u00e9nement est r\u00e9serv\u00e9 aux<\/span> <span style=\"color: #ff0000;\"><strong>enfants de 8ans et moins et de niveau ROUGE<\/strong><\/span>.<\/p>\n<p>&nbsp;<\/p>\n<p><span style=\"color: #000000;\">Au programme :\u00a0<\/span><\/p>\n<ul>\n<li><span style=\"color: #000000;\">accueil avec pot<\/span><\/li>\n<li><span style=\"color: #000000;\">challenges avec d\u00e9fis et animations<\/span><\/li>\n<li><span style=\"color: #000000;\">matches<\/span><\/li>\n<li><span style=\"color: #000000;\">temps de repos<\/span><\/li>\n<li><span style=\"color: #000000;\">remise de prix<\/span><\/li>\n<\/ul>\n<p>&nbsp;<\/p>\n<p><span style=\"color: #000000;\">Pour participer \u00e0 ce bel \u00e9v\u00e9nement, c&rsquo;est<\/span> <span style=\"color: #0000ff;\"><strong>uniquement sur inscription<\/strong><\/span>.<\/p>\n<p><span style=\"color: #000000;\">Vous pouvez vous inscrire individuellement mais nous vous recommandons de vous inscrire de fa\u00e7on group\u00e9e avec votre Club :<\/span>\u00a0<a href=\"https:\/\/acrobat.adobe.com\/id\/urn:aaid:sc:EU:5a7a7591-b4c1-4f83-9f4d-a56e5a7a5b25\">Bulletin Inscription Poussins P\u00e2ques 2025<\/a><\/p>\n<p><span style=\"color: #993300;\"><strong>ATTENTION :<\/strong><\/span> <span style=\"color: #000000;\">les places sont limit\u00e9es ! Et inscription \u00e0 retourner <strong><span style=\"color: #ff0000;\">MAXIMUM LE 15 MARS !<\/span><\/strong><\/span><\/p>\n<p><span style=\"color: #000000;\">Tarif inscription : 15\u20ac\/enfant<\/span><\/p>\n<p><span style=\"color: #000000;\">Repas du midi pour personne ext\u00e9rieure : 10\u20ac<\/span><\/p>\n<p>&nbsp;<\/p>\n<p><span style=\"color: #000000;\">Pour de plus amples informations, vous pouvez contacter l&rsquo;Accueil du Club de l&rsquo;ACTE au 01.34.15.25.00\u00a0 \u00a0OU\u00a0 \u00a0accueil@act-ermont.fr<\/span><\/p>\n<p>&nbsp;<\/p>\n<p><span style=\"color: #000000;\">A tr\u00e8s vite sur nos terrains !<\/span><\/p>\n<p><span style=\"color: #000000;\">L&rsquo;Equipe de l&rsquo;ACTE.<\/span><\/p>\n<p>&nbsp;<\/p>\n<p><img loading=\"lazy\" decoding=\"async\" class=\"alignnone wp-image-5099\" src=\"https:\/\/act-ermont.fr\/wp-content\/uploads\/2025\/02\/Affiche-Poussins-Paques-2025-300x300.jpg\" alt=\"\" width=\"376\" height=\"376\" srcset=\"https:\/\/act-ermont.fr\/wp-content\/uploads\/2025\/02\/Affiche-Poussins-Paques-2025-300x300.jpg 300w, https:\/\/act-ermont.fr\/wp-content\/uploads\/2025\/02\/Affiche-Poussins-Paques-2025-1024x1024.jpg 1024w, https:\/\/act-ermont.fr\/wp-content\/uploads\/2025\/02\/Affiche-Poussins-Paques-2025-150x150.jpg 150w, https:\/\/act-ermont.fr\/wp-content\/uploads\/2025\/02\/Affiche-Poussins-Paques-2025-768x768.jpg 768w, https:\/\/act-ermont.fr\/wp-content\/uploads\/2025\/02\/Affiche-Poussins-Paques-2025.jpg 1080w\" sizes=\"auto, (max-width: 376px) 100vw, 376px\" \/><\/p>\n<p>&nbsp;<\/p>\n<p>&nbsp;<\/p>\n","protected":false},"excerpt":{"rendered":"<div class=\"mh-excerpt\"><p>Chers adh\u00e9rents et chers sympathisants de l&rsquo;ACTE, &nbsp; L&rsquo;Edition 2025 de nos c\u00e9l\u00e8bres Poussins de P\u00e2ques arrive bient\u00f4t !\u00a0 En effet, c&rsquo;est en date du dimanche 23 Mars (9h30 &#8211; 16h) qu&rsquo;aura lieu notre animation <a class=\"mh-excerpt-more\" href=\"https:\/\/act-ermont.fr\/?p=5098\" title=\"Inscription Poussins de P\u00e2ques 2025.\">[&#8230;]<\/a><\/p>\n<\/div>","protected":false},"author":3,"featured_media":4854,"comment_status":"closed","ping_status":"closed","sticky":false,"template":"","format":"standard","meta":{"footnotes":""},"categories":[2,14],"tags":[],"class_list":{"0":"post-5098","1":"post","2":"type-post","3":"status-publish","4":"format-standard","5":"has-post-thumbnail","7":"category-slider","8":"category-les-poussins-de-paques"},"_links":{"self":[{"href":"https:\/\/act-ermont.fr\/index.php?rest_route=\/wp\/v2\/posts\/5098","targetHints":{"allow":["GET"]}}],"collection":[{"href":"https:\/\/act-ermont.fr\/index.php?rest_route=\/wp\/v2\/posts"}],"about":[{"href":"https:\/\/act-ermont.fr\/index.php?rest_route=\/wp\/v2\/types\/post"}],"author":[{"embeddable":true,"href":"https:\/\/act-ermont.fr\/index.php?rest_route=\/wp\/v2\/users\/3"}],"replies":[{"embeddable":true,"href":"https:\/\/act-ermont.fr\/index.php?rest_route=%2Fwp%2Fv2%2Fcomments&post=5098"}],"version-history":[{"count":3,"href":"https:\/\/act-ermont.fr\/index.php?rest_route=\/wp\/v2\/posts\/5098\/revisions"}],"predecessor-version":[{"id":5102,"href":"https:\/\/act-ermont.fr\/index.php?rest_route=\/wp\/v2\/posts\/5098\/revisions\/5102"}],"wp:featuredmedia":[{"embeddable":true,"href":"https:\/\/act-ermont.fr\/index.php?rest_route=\/wp\/v2\/media\/4854"}],"wp:attachment":[{"href":"https:\/\/act-ermont.fr\/index.php?rest_route=%2Fwp%2Fv2%2Fmedia&parent=5098"}],"wp:term":[{"taxonomy":"category","embeddable":true,"href":"https:\/\/act-ermont.fr\/index.php?rest_route=%2Fwp%2Fv2%2Fcategories&post=5098"},{"taxonomy":"post_tag","embeddable":true,"href":"https:\/\/act-ermont.fr\/index.php?rest_route=%2Fwp%2Fv2%2Ftags&post=5098"}],"curies":[{"name":"wp","href":"https:\/\/api.w.org\/{rel}","templated":true}]}}