{"id":5118,"date":"2025-03-27T15:44:25","date_gmt":"2025-03-27T15:44:25","guid":{"rendered":"https:\/\/act-ermont.fr\/?p=5118"},"modified":"2025-03-29T13:57:45","modified_gmt":"2025-03-29T13:57:45","slug":"stages-vacances-davril-2025","status":"publish","type":"post","link":"https:\/\/act-ermont.fr\/?p=5118","title":{"rendered":"Stages Vacances d&rsquo;Avril 2025"},"content":{"rendered":"<p>Chers adh\u00e9rents et sympathisants de l&rsquo;ACTE,<\/p>\n<p>&nbsp;<\/p>\n<p>Pour les prochaines vacances scolaires de Printemps, votre Club de l&rsquo;ACT Ermont organise des stages.<\/p>\n<p>Ces stages sont \u00e0 destination des Jeunes de notre Ecole de Tennis ainsi que des joueurs ext\u00e9rieurs du 14 au 18 Avril et\/ou du 22 au 25 Avril.<\/p>\n<p><!--more--><\/p>\n<h3><span style=\"color: #0000ff;\"><strong>STAGES JEUNES :<\/strong><\/span><\/h3>\n<p>&nbsp;<\/p>\n<ul>\n<li><strong>Formules :\u00a0\u00a0<\/strong><\/li>\n<\/ul>\n<p>1h\/jour = 70\u20ac (56\u20ac pour la 2\u00e8me semaine)<\/p>\n<p>2h\/jour = 120\u20ac\u00a0 (96\u20ac pour la 2\u00e8me semaine)<\/p>\n<p>Intensif (toute la journ\u00e9e) = 200\u20ac (160\u20ac pour la 2\u00e8me semaine)<\/p>\n<p>&nbsp;<\/p>\n<ul>\n<li><strong>Horaires :<\/strong><\/li>\n<\/ul>\n<p>Matin : entre 9h et 12h<\/p>\n<p>Apr\u00e8s-Midi : entre 14h et 17h<\/p>\n<p>&nbsp;<\/p>\n<p>Pour constituer les groupes, il faudra que l&rsquo;Equipe P\u00e9dagogique connaisse le niveau de l&rsquo;enfant (BLANC, VIOLET, ROUGE, &#8230;).<\/p>\n<p>&nbsp;<\/p>\n<ul>\n<li><strong>Inscription<\/strong> uniquement via Google Forms :\u00a0<a href=\"https:\/\/docs.google.com\/forms\/d\/1rjvOv_nuoBm2fXMM0E79SgpVu5YJRkp22O5sTTQ5X9I\/viewform?edit_requested=true\">Inscription stages ET Avril 25<\/a><\/li>\n<\/ul>\n<p>&nbsp;<\/p>\n<p><img loading=\"lazy\" decoding=\"async\" class=\"alignnone size-medium wp-image-5119\" src=\"https:\/\/act-ermont.fr\/wp-content\/uploads\/2025\/03\/Affiche-paysage-Stages-ET-Avril-25-300x212.jpg\" alt=\"\" width=\"300\" height=\"212\" srcset=\"https:\/\/act-ermont.fr\/wp-content\/uploads\/2025\/03\/Affiche-paysage-Stages-ET-Avril-25-300x212.jpg 300w, https:\/\/act-ermont.fr\/wp-content\/uploads\/2025\/03\/Affiche-paysage-Stages-ET-Avril-25-1024x724.jpg 1024w, https:\/\/act-ermont.fr\/wp-content\/uploads\/2025\/03\/Affiche-paysage-Stages-ET-Avril-25-768x543.jpg 768w, https:\/\/act-ermont.fr\/wp-content\/uploads\/2025\/03\/Affiche-paysage-Stages-ET-Avril-25-1536x1086.jpg 1536w, https:\/\/act-ermont.fr\/wp-content\/uploads\/2025\/03\/Affiche-paysage-Stages-ET-Avril-25.jpg 2000w\" sizes=\"auto, (max-width: 300px) 100vw, 300px\" \/><\/p>\n<p>&nbsp;<\/p>\n<h3><span style=\"color: #0000ff;\"><strong>STAGES ADULTES :\u00a0\u00a0<\/strong><\/span><\/h3>\n<p>&nbsp;<\/p>\n<ul>\n<li><strong>Formule :\u00a0\u00a0<\/strong><\/li>\n<\/ul>\n<p>&#8211; 1h30\/jour<\/p>\n<p>&#8211; \u00e0 la carte : 1, 2, 3, 4, ou 5 s\u00e9ances<\/p>\n<p>&nbsp;<\/p>\n<ul>\n<li><strong>Horaires :<\/strong><\/li>\n<\/ul>\n<p>Fin de journ\u00e9e : 17h30 &#8211; 19h \/ 19h &#8211; 20h30 \/ 20h30 &#8211; 22h<\/p>\n<p>&nbsp;<\/p>\n<p>Pour constituer les groupes, il faudra que l&rsquo;Equipe P\u00e9dagogique connaisse votre niveau (4\u00e8me s\u00e9rie, 3\u00e8me s\u00e9rie, &#8230;).<\/p>\n<p>&nbsp;<\/p>\n<ul>\n<li><strong>Inscription<\/strong> uniquement via Google Forms :\u00a0<a href=\"https:\/\/forms.gle\/xMp8BhpBP1R92NMX7\">Inscription Stages Adultes Vacances Avril 25<\/a><\/li>\n<\/ul>\n<p>&nbsp;<\/p>\n<ul>\n<li><strong>R\u00e8glement :<\/strong> Uniquement en ligne via le lien indiqu\u00e9 \u00e0 la fin du formulaire d&rsquo;inscription<\/li>\n<\/ul>\n<p>&nbsp;<\/p>\n<p><img loading=\"lazy\" decoding=\"async\" class=\"alignnone  wp-image-5123\" src=\"https:\/\/act-ermont.fr\/wp-content\/uploads\/2025\/03\/Affiche-paysage-Stages-Adultes-Avril-25-300x212.jpg\" alt=\"\" width=\"325\" height=\"230\" srcset=\"https:\/\/act-ermont.fr\/wp-content\/uploads\/2025\/03\/Affiche-paysage-Stages-Adultes-Avril-25-300x212.jpg 300w, https:\/\/act-ermont.fr\/wp-content\/uploads\/2025\/03\/Affiche-paysage-Stages-Adultes-Avril-25-1024x724.jpg 1024w, https:\/\/act-ermont.fr\/wp-content\/uploads\/2025\/03\/Affiche-paysage-Stages-Adultes-Avril-25-768x543.jpg 768w, https:\/\/act-ermont.fr\/wp-content\/uploads\/2025\/03\/Affiche-paysage-Stages-Adultes-Avril-25-1536x1086.jpg 1536w, https:\/\/act-ermont.fr\/wp-content\/uploads\/2025\/03\/Affiche-paysage-Stages-Adultes-Avril-25.jpg 2000w\" sizes=\"auto, (max-width: 325px) 100vw, 325px\" \/><\/p>\n<p>&nbsp;<\/p>\n<p>&nbsp;<\/p>\n<p>A tr\u00e8s vite sur les terrains de l&rsquo;ACTE !<\/p>\n","protected":false},"excerpt":{"rendered":"<div class=\"mh-excerpt\"><p>Chers adh\u00e9rents et sympathisants de l&rsquo;ACTE, &nbsp; Pour les prochaines vacances scolaires de Printemps, votre Club de l&rsquo;ACT Ermont organise des stages. Ces stages sont \u00e0 destination des Jeunes de notre Ecole de Tennis ainsi <a class=\"mh-excerpt-more\" href=\"https:\/\/act-ermont.fr\/?p=5118\" title=\"Stages Vacances d&rsquo;Avril 2025\">[&#8230;]<\/a><\/p>\n<\/div>","protected":false},"author":3,"featured_media":5120,"comment_status":"closed","ping_status":"closed","sticky":false,"template":"","format":"standard","meta":{"footnotes":""},"categories":[2,27],"tags":[],"class_list":{"0":"post-5118","1":"post","2":"type-post","3":"status-publish","4":"format-standard","5":"has-post-thumbnail","7":"category-slider","8":"category-stages-jeunes"},"_links":{"self":[{"href":"https:\/\/act-ermont.fr\/index.php?rest_route=\/wp\/v2\/posts\/5118","targetHints":{"allow":["GET"]}}],"collection":[{"href":"https:\/\/act-ermont.fr\/index.php?rest_route=\/wp\/v2\/posts"}],"about":[{"href":"https:\/\/act-ermont.fr\/index.php?rest_route=\/wp\/v2\/types\/post"}],"author":[{"embeddable":true,"href":"https:\/\/act-ermont.fr\/index.php?rest_route=\/wp\/v2\/users\/3"}],"replies":[{"embeddable":true,"href":"https:\/\/act-ermont.fr\/index.php?rest_route=%2Fwp%2Fv2%2Fcomments&post=5118"}],"version-history":[{"count":3,"href":"https:\/\/act-ermont.fr\/index.php?rest_route=\/wp\/v2\/posts\/5118\/revisions"}],"predecessor-version":[{"id":5124,"href":"https:\/\/act-ermont.fr\/index.php?rest_route=\/wp\/v2\/posts\/5118\/revisions\/5124"}],"wp:featuredmedia":[{"embeddable":true,"href":"https:\/\/act-ermont.fr\/index.php?rest_route=\/wp\/v2\/media\/5120"}],"wp:attachment":[{"href":"https:\/\/act-ermont.fr\/index.php?rest_route=%2Fwp%2Fv2%2Fmedia&parent=5118"}],"wp:term":[{"taxonomy":"category","embeddable":true,"href":"https:\/\/act-ermont.fr\/index.php?rest_route=%2Fwp%2Fv2%2Fcategories&post=5118"},{"taxonomy":"post_tag","embeddable":true,"href":"https:\/\/act-ermont.fr\/index.php?rest_route=%2Fwp%2Fv2%2Ftags&post=5118"}],"curies":[{"name":"wp","href":"https:\/\/api.w.org\/{rel}","templated":true}]}}