{"id":5164,"date":"2025-06-12T15:08:23","date_gmt":"2025-06-12T15:08:23","guid":{"rendered":"https:\/\/act-ermont.fr\/?p=5164"},"modified":"2025-06-18T09:27:44","modified_gmt":"2025-06-18T09:27:44","slug":"stages-ete-2025-jeunes","status":"publish","type":"post","link":"https:\/\/act-ermont.fr\/?p=5164","title":{"rendered":"Stages \u00e9t\u00e9 2025 &#8211; Jeunes &#038; Adultes"},"content":{"rendered":"<p>Chers adh\u00e9rents et sympathisants de l&rsquo;ACTE,<\/p>\n<p>&nbsp;<\/p>\n<p>Pour les prochaines vacances estivales, votre Club de l&rsquo;ACT Ermont organise des stages.<\/p>\n<p>Ces stages sont \u00e0 destination des Jeunes mais aussi des Adultes.<!--more--><\/p>\n<h3><span style=\"color: #0000ff;\"><strong>STAGES JEUNES :<\/strong><\/span><\/h3>\n<p>&nbsp;<\/p>\n<ul>\n<li><strong>Formules :\u00a0<\/strong><\/li>\n<\/ul>\n<p>1h\/jour = 70\u20ac (Sauf deuxi\u00e8me semaine car 14 Juillet f\u00e9ri\u00e9 : 56\u20ac)<\/p>\n<p>2h\/jour = 120\u20ac (Sauf deuxi\u00e8me semaine car 14 Juillet f\u00e9ri\u00e9 : 96\u20ac)<\/p>\n<p>Intensif (toute la journ\u00e9e) = 200\u20ac (Sauf deuxi\u00e8me semaine car 14 Juillet f\u00e9ri\u00e9 : 160\u20ac)<\/p>\n<p>&nbsp;<\/p>\n<ul>\n<li><strong>Horaires :<\/strong><\/li>\n<\/ul>\n<p>Matin : entre 9h et 12h<\/p>\n<p>Apr\u00e8s-Midi : entre 14h et 17h<\/p>\n<p>&nbsp;<\/p>\n<p>Pour constituer les groupes, il faudra que l&rsquo;Equipe P\u00e9dagogique connaisse le niveau de l&rsquo;enfant (BLANC, VIOLET, ROUGE, &#8230;).<\/p>\n<p>&nbsp;<\/p>\n<ul>\n<li><strong>Inscription<\/strong> uniquement via Google Forms :\u00a0<a href=\"https:\/\/docs.google.com\/forms\/d\/e\/1FAIpQLSfpnwGHA2ue4Cpw1sxxuFXwgG56YVD_GyIJl1HgsA_wHiX4hA\/viewform\">Formulaire Inscription Stages \u00e9t\u00e9 25<\/a><\/li>\n<li><strong>R\u00e8glement :<\/strong> \u00e0 faire en ligne via TEN&rsquo;UP ou \u00e0 l&rsquo;Accueil en amont du stage ou le premier jour maximum<\/li>\n<\/ul>\n<p>&nbsp;<\/p>\n<p><img loading=\"lazy\" decoding=\"async\" class=\"alignnone size-medium wp-image-5172\" src=\"https:\/\/act-ermont.fr\/wp-content\/uploads\/2025\/06\/Affiche-paysage-Stages-Jeunes-ete-25-2-300x212.jpg\" alt=\"\" width=\"300\" height=\"212\" srcset=\"https:\/\/act-ermont.fr\/wp-content\/uploads\/2025\/06\/Affiche-paysage-Stages-Jeunes-ete-25-2-300x212.jpg 300w, https:\/\/act-ermont.fr\/wp-content\/uploads\/2025\/06\/Affiche-paysage-Stages-Jeunes-ete-25-2-1024x724.jpg 1024w, https:\/\/act-ermont.fr\/wp-content\/uploads\/2025\/06\/Affiche-paysage-Stages-Jeunes-ete-25-2-768x543.jpg 768w, https:\/\/act-ermont.fr\/wp-content\/uploads\/2025\/06\/Affiche-paysage-Stages-Jeunes-ete-25-2-1536x1086.jpg 1536w, https:\/\/act-ermont.fr\/wp-content\/uploads\/2025\/06\/Affiche-paysage-Stages-Jeunes-ete-25-2.jpg 2000w\" sizes=\"auto, (max-width: 300px) 100vw, 300px\" \/><\/p>\n<p>&nbsp;<\/p>\n<p>&nbsp;<\/p>\n<h3><span style=\"color: #0000ff;\"><strong>STAGES ADULTES :\u00a0\u00a0<\/strong><\/span><\/h3>\n<p>&nbsp;<\/p>\n<ul>\n<li><strong>Cr\u00e9neaux (<em>Uniquement du 7 au 11 Juillet<\/em>) :<\/strong><\/li>\n<\/ul>\n<p>17h30 &#8211; 19h<\/p>\n<p>19h &#8211; 20h30<\/p>\n<p>20h30 &#8211; 22h<\/p>\n<p>&nbsp;<\/p>\n<ul>\n<li><strong>Formule :<\/strong><\/li>\n<\/ul>\n<p>1 x 1h30 = 30\u20ac<\/p>\n<p>2 x 1h30 = 54\u20ac<\/p>\n<p>3 x 1h30 = 72\u20ac<\/p>\n<p>4 x 1h30 = 84\u20ac<\/p>\n<p>5 x 1h30 = 90\u20ac<\/p>\n<p>&nbsp;<\/p>\n<p>Quant au niveau, il faudra indiquer sur le formulaire pour constituer les groupes les plus homog\u00e8nes possibles.<\/p>\n<p>&nbsp;<\/p>\n<ul>\n<li><strong>Inscription<\/strong> uniquement via Google Forms : <a href=\"https:\/\/docs.google.com\/forms\/d\/e\/1FAIpQLScHTGa9J41mKrKKDWev-Z6qWbnEE5yTNo6e1NKYAfGCapdUJQ\/viewform\">Formulaire inscription stage \u00e9t\u00e9 25<\/a><\/li>\n<\/ul>\n<ul>\n<li><strong>R\u00e8glement :<\/strong> \u00e0 faire en ligne via TEN&rsquo;UP ou \u00e0 l&rsquo;Accueil en amont du stage ou le premier jour maximum<\/li>\n<\/ul>\n<p>&nbsp;<\/p>\n<p><img loading=\"lazy\" decoding=\"async\" class=\"alignnone size-medium wp-image-5171\" src=\"https:\/\/act-ermont.fr\/wp-content\/uploads\/2025\/06\/Affiche-paysage-Stages-Adultes-ete-25--300x212.jpg\" alt=\"\" width=\"300\" height=\"212\" srcset=\"https:\/\/act-ermont.fr\/wp-content\/uploads\/2025\/06\/Affiche-paysage-Stages-Adultes-ete-25--300x212.jpg 300w, https:\/\/act-ermont.fr\/wp-content\/uploads\/2025\/06\/Affiche-paysage-Stages-Adultes-ete-25--1024x724.jpg 1024w, https:\/\/act-ermont.fr\/wp-content\/uploads\/2025\/06\/Affiche-paysage-Stages-Adultes-ete-25--768x543.jpg 768w, https:\/\/act-ermont.fr\/wp-content\/uploads\/2025\/06\/Affiche-paysage-Stages-Adultes-ete-25--1536x1086.jpg 1536w, https:\/\/act-ermont.fr\/wp-content\/uploads\/2025\/06\/Affiche-paysage-Stages-Adultes-ete-25-.jpg 2000w\" sizes=\"auto, (max-width: 300px) 100vw, 300px\" \/><\/p>\n<p>&nbsp;<\/p>\n<p>&nbsp;<\/p>\n<p>A tr\u00e8s vite sur les terrains de l&rsquo;ACTE !<\/p>\n<p>&nbsp;<\/p>\n<p>&nbsp;<\/p>\n","protected":false},"excerpt":{"rendered":"<div class=\"mh-excerpt\"><p>Chers adh\u00e9rents et sympathisants de l&rsquo;ACTE, &nbsp; Pour les prochaines vacances estivales, votre Club de l&rsquo;ACT Ermont organise des stages. Ces stages sont \u00e0 destination des Jeunes mais aussi des Adultes.<\/p>\n<\/div>","protected":false},"author":3,"featured_media":5120,"comment_status":"closed","ping_status":"closed","sticky":false,"template":"","format":"standard","meta":{"footnotes":""},"categories":[2,27],"tags":[],"class_list":{"0":"post-5164","1":"post","2":"type-post","3":"status-publish","4":"format-standard","5":"has-post-thumbnail","7":"category-slider","8":"category-stages-jeunes"},"_links":{"self":[{"href":"https:\/\/act-ermont.fr\/index.php?rest_route=\/wp\/v2\/posts\/5164","targetHints":{"allow":["GET"]}}],"collection":[{"href":"https:\/\/act-ermont.fr\/index.php?rest_route=\/wp\/v2\/posts"}],"about":[{"href":"https:\/\/act-ermont.fr\/index.php?rest_route=\/wp\/v2\/types\/post"}],"author":[{"embeddable":true,"href":"https:\/\/act-ermont.fr\/index.php?rest_route=\/wp\/v2\/users\/3"}],"replies":[{"embeddable":true,"href":"https:\/\/act-ermont.fr\/index.php?rest_route=%2Fwp%2Fv2%2Fcomments&post=5164"}],"version-history":[{"count":4,"href":"https:\/\/act-ermont.fr\/index.php?rest_route=\/wp\/v2\/posts\/5164\/revisions"}],"predecessor-version":[{"id":5173,"href":"https:\/\/act-ermont.fr\/index.php?rest_route=\/wp\/v2\/posts\/5164\/revisions\/5173"}],"wp:featuredmedia":[{"embeddable":true,"href":"https:\/\/act-ermont.fr\/index.php?rest_route=\/wp\/v2\/media\/5120"}],"wp:attachment":[{"href":"https:\/\/act-ermont.fr\/index.php?rest_route=%2Fwp%2Fv2%2Fmedia&parent=5164"}],"wp:term":[{"taxonomy":"category","embeddable":true,"href":"https:\/\/act-ermont.fr\/index.php?rest_route=%2Fwp%2Fv2%2Fcategories&post=5164"},{"taxonomy":"post_tag","embeddable":true,"href":"https:\/\/act-ermont.fr\/index.php?rest_route=%2Fwp%2Fv2%2Ftags&post=5164"}],"curies":[{"name":"wp","href":"https:\/\/api.w.org\/{rel}","templated":true}]}}