{"id":5197,"date":"2025-08-28T15:37:18","date_gmt":"2025-08-28T15:37:18","guid":{"rendered":"https:\/\/act-ermont.fr\/?p=5197"},"modified":"2025-08-28T15:38:21","modified_gmt":"2025-08-28T15:38:21","slug":"forum-des-associations-sept-25","status":"publish","type":"post","link":"https:\/\/act-ermont.fr\/?p=5197","title":{"rendered":"Forum des Associations Sept 25"},"content":{"rendered":"<div class=\"xdj266r x14z9mp xat24cr x1lziwak x1vvkbs x126k92a\">\n<div dir=\"auto\">Chers adh\u00e9rents, Chers sympathisants de l&rsquo;ACT Ermont,<\/div>\n<div dir=\"auto\"><\/div>\n<div dir=\"auto\">Le Club de l&rsquo;ACTE sera pr\u00e9sent au prochain Forum des Associations et du B\u00e9n\u00e9volat organis\u00e9 par la Ville d&rsquo;Ermont.<\/div>\n<div dir=\"auto\"><\/div>\n<\/div>\n<div class=\"x14z9mp xat24cr x1lziwak x1vvkbs xtlvy1s x126k92a\">\n<div dir=\"auto\">Veuillez noter ainsi les informations suivantes :<\/div>\n<div dir=\"auto\"><span class=\"html-span xexx8yu xyri2b x18d9i69 x1c1uobl x1hl2dhg x16tdsg8 x1vvkbs x3nfvp2 x1j61x8r x1fcty0u xdj266r xat24cr xm2jcoa x1mpyi22 xxymvpz xlup9mm x1kky2od\"><img loading=\"lazy\" decoding=\"async\" class=\"xz74otr x15mokao x1ga7v0g x16uus16 xbiv7yw\" src=\"https:\/\/static.xx.fbcdn.net\/images\/emoji.php\/v9\/t2d\/1\/16\/1f4cd.png\" alt=\"\ud83d\udccd\" width=\"16\" height=\"16\" \/><\/span> Complexe sportif Gaston R\u00e9buffat (1 All\u00e9e Jean de Florette)<\/div>\n<div dir=\"auto\"><span class=\"html-span xexx8yu xyri2b x18d9i69 x1c1uobl x1hl2dhg x16tdsg8 x1vvkbs x3nfvp2 x1j61x8r x1fcty0u xdj266r xat24cr xm2jcoa x1mpyi22 xxymvpz xlup9mm x1kky2od\"><img loading=\"lazy\" decoding=\"async\" class=\"xz74otr x15mokao x1ga7v0g x16uus16 xbiv7yw\" src=\"https:\/\/static.xx.fbcdn.net\/images\/emoji.php\/v9\/t7e\/1\/16\/1f4c5.png\" alt=\"\ud83d\udcc5\" width=\"16\" height=\"16\" \/><\/span> Samedi 6 Septembre<\/div>\n<div dir=\"auto\"><span class=\"html-span xexx8yu xyri2b x18d9i69 x1c1uobl x1hl2dhg x16tdsg8 x1vvkbs x3nfvp2 x1j61x8r x1fcty0u xdj266r xat24cr xm2jcoa x1mpyi22 xxymvpz xlup9mm x1kky2od\"><img loading=\"lazy\" decoding=\"async\" class=\"xz74otr x15mokao x1ga7v0g x16uus16 xbiv7yw\" src=\"https:\/\/static.xx.fbcdn.net\/images\/emoji.php\/v9\/te6\/1\/16\/1f570.png\" alt=\"\ud83d\udd70\" width=\"16\" height=\"16\" \/><\/span> De 9h \u00e0 17h<\/div>\n<div dir=\"auto\"><span class=\"html-span xexx8yu xyri2b x18d9i69 x1c1uobl x1hl2dhg x16tdsg8 x1vvkbs x3nfvp2 x1j61x8r x1fcty0u xdj266r xat24cr xm2jcoa x1mpyi22 xxymvpz xlup9mm x1kky2od\"><img loading=\"lazy\" decoding=\"async\" class=\"xz74otr x15mokao x1ga7v0g x16uus16 xbiv7yw\" src=\"https:\/\/static.xx.fbcdn.net\/images\/emoji.php\/v9\/tce\/1\/16\/1f3be.png\" alt=\"\ud83c\udfbe\" width=\"16\" height=\"16\" \/><\/span> Notre stand : num\u00e9ro 39 (sur le terrain de football)<\/div>\n<div dir=\"auto\"><span class=\"html-span xdj266r x14z9mp xat24cr x1lziwak xexx8yu xyri2b x18d9i69 x1c1uobl x1hl2dhg x16tdsg8 x1vvkbs\"><a class=\"x1i10hfl xjbqb8w x1ejq31n x18oe1m7 x1sy0etr xstzfhl x972fbf x10w94by x1qhh985 x14e42zd x9f619 x1ypdohk xt0psk2 x3ct3a4 xdj266r x14z9mp xat24cr x1lziwak xexx8yu xyri2b x18d9i69 x1c1uobl x16tdsg8 x1hl2dhg xggy1nq x1a2a7pz xkrqix3 x1sur9pj x1fey0fg x1s688f\" tabindex=\"0\" role=\"link\" href=\"https:\/\/acrobat.adobe.com\/id\/urn:aaid:sc:EU:46173276-d578-46ca-81c3-f22a0de10798?fbclid=IwZXh0bgNhZW0CMTAAYnJpZBEwMGFZTXZrMU4wSG9sMXZiYgEeXIzZFxDR0EaHCe5fQQwz-eKHqBBeBrV2HD1RhxA-5I9nBFVjYde6Opnpj5o_aem_7oxR5HhWL4wiTjqJ2_tcXw\" target=\"_blank\" rel=\"nofollow noopener\">Plan du site<\/a><\/span><\/div>\n<div dir=\"auto\"><\/div>\n<\/div>\n<div class=\"x14z9mp xat24cr x1lziwak x1vvkbs xtlvy1s x126k92a\">\n<div dir=\"auto\">En m\u00eame temps, au sein du Club, nous organisons notre journ\u00e9e Portes Ouvertes (enfants et adultes) !<\/div>\n<div dir=\"auto\">Cette journ\u00e9e a pour but de venir d\u00e9couvrir le tennis sur nos terrains et venir vous tester dans le but de vous inscrire.<\/div>\n<div dir=\"auto\"><span class=\"html-span xexx8yu xyri2b x18d9i69 x1c1uobl x1hl2dhg x16tdsg8 x1vvkbs x3nfvp2 x1j61x8r x1fcty0u xdj266r xat24cr xm2jcoa x1mpyi22 xxymvpz xlup9mm x1kky2od\"><img loading=\"lazy\" decoding=\"async\" class=\"xz74otr x15mokao x1ga7v0g x16uus16 xbiv7yw\" src=\"https:\/\/static.xx.fbcdn.net\/images\/emoji.php\/v9\/t2d\/1\/16\/1f4cd.png\" alt=\"\ud83d\udccd\" width=\"16\" height=\"16\" \/><\/span> Complexe sportif Raoul Dautry (105 Rue de Saint-Gratien)<\/div>\n<div dir=\"auto\"><span class=\"html-span xexx8yu xyri2b x18d9i69 x1c1uobl x1hl2dhg x16tdsg8 x1vvkbs x3nfvp2 x1j61x8r x1fcty0u xdj266r xat24cr xm2jcoa x1mpyi22 xxymvpz xlup9mm x1kky2od\"><img loading=\"lazy\" decoding=\"async\" class=\"xz74otr x15mokao x1ga7v0g x16uus16 xbiv7yw\" src=\"https:\/\/static.xx.fbcdn.net\/images\/emoji.php\/v9\/t7e\/1\/16\/1f4c5.png\" alt=\"\ud83d\udcc5\" width=\"16\" height=\"16\" \/><\/span> Samedi 6 Septembre<\/div>\n<div dir=\"auto\"><span class=\"html-span xexx8yu xyri2b x18d9i69 x1c1uobl x1hl2dhg x16tdsg8 x1vvkbs x3nfvp2 x1j61x8r x1fcty0u xdj266r xat24cr xm2jcoa x1mpyi22 xxymvpz xlup9mm x1kky2od\"><img loading=\"lazy\" decoding=\"async\" class=\"xz74otr x15mokao x1ga7v0g x16uus16 xbiv7yw\" src=\"https:\/\/static.xx.fbcdn.net\/images\/emoji.php\/v9\/te6\/1\/16\/1f570.png\" alt=\"\ud83d\udd70\" width=\"16\" height=\"16\" \/><\/span> De 9h \u00e0 12h &amp; 14h \u00e0 17h<\/div>\n<\/div>\n<div dir=\"auto\"><\/div>\n<div dir=\"auto\"><img loading=\"lazy\" decoding=\"async\" class=\"alignnone size-medium wp-image-5200\" src=\"https:\/\/act-ermont.fr\/wp-content\/uploads\/2025\/08\/Affiche-JPO-6-sept-25-212x300.jpg\" alt=\"\" width=\"212\" height=\"300\" srcset=\"https:\/\/act-ermont.fr\/wp-content\/uploads\/2025\/08\/Affiche-JPO-6-sept-25-212x300.jpg 212w, https:\/\/act-ermont.fr\/wp-content\/uploads\/2025\/08\/Affiche-JPO-6-sept-25-724x1024.jpg 724w, https:\/\/act-ermont.fr\/wp-content\/uploads\/2025\/08\/Affiche-JPO-6-sept-25-768x1086.jpg 768w, https:\/\/act-ermont.fr\/wp-content\/uploads\/2025\/08\/Affiche-JPO-6-sept-25-1086x1536.jpg 1086w, https:\/\/act-ermont.fr\/wp-content\/uploads\/2025\/08\/Affiche-JPO-6-sept-25.jpg 1414w\" sizes=\"auto, (max-width: 212px) 100vw, 212px\" \/><\/div>\n<div class=\"x14z9mp xat24cr x1lziwak x1vvkbs xtlvy1s x126k92a\">\n<div dir=\"auto\"><\/div>\n<\/div>\n<div class=\"x14z9mp xat24cr x1lziwak x1vvkbs xtlvy1s x126k92a\">\n<div dir=\"auto\">Il nous reste encore que quelques places !<\/div>\n<div dir=\"auto\"><\/div>\n<\/div>\n<div class=\"x14z9mp xat24cr x1lziwak x1vvkbs xtlvy1s x126k92a\">\n<div dir=\"auto\">A tr\u00e8s vite !<\/div>\n<\/div>\n<div dir=\"auto\"><\/div>\n","protected":false},"excerpt":{"rendered":"<div class=\"mh-excerpt\"><p>Chers adh\u00e9rents, Chers sympathisants de l&rsquo;ACT Ermont, Le Club de l&rsquo;ACTE sera pr\u00e9sent au prochain Forum des Associations et du B\u00e9n\u00e9volat organis\u00e9 par la Ville d&rsquo;Ermont. Veuillez noter ainsi les informations suivantes : Complexe sportif <a class=\"mh-excerpt-more\" href=\"https:\/\/act-ermont.fr\/?p=5197\" title=\"Forum des Associations Sept 25\">[&#8230;]<\/a><\/p>\n<\/div>","protected":false},"author":3,"featured_media":5198,"comment_status":"closed","ping_status":"closed","sticky":false,"template":"","format":"standard","meta":{"footnotes":""},"categories":[2],"tags":[],"class_list":{"0":"post-5197","1":"post","2":"type-post","3":"status-publish","4":"format-standard","5":"has-post-thumbnail","7":"category-slider"},"_links":{"self":[{"href":"https:\/\/act-ermont.fr\/index.php?rest_route=\/wp\/v2\/posts\/5197","targetHints":{"allow":["GET"]}}],"collection":[{"href":"https:\/\/act-ermont.fr\/index.php?rest_route=\/wp\/v2\/posts"}],"about":[{"href":"https:\/\/act-ermont.fr\/index.php?rest_route=\/wp\/v2\/types\/post"}],"author":[{"embeddable":true,"href":"https:\/\/act-ermont.fr\/index.php?rest_route=\/wp\/v2\/users\/3"}],"replies":[{"embeddable":true,"href":"https:\/\/act-ermont.fr\/index.php?rest_route=%2Fwp%2Fv2%2Fcomments&post=5197"}],"version-history":[{"count":2,"href":"https:\/\/act-ermont.fr\/index.php?rest_route=\/wp\/v2\/posts\/5197\/revisions"}],"predecessor-version":[{"id":5201,"href":"https:\/\/act-ermont.fr\/index.php?rest_route=\/wp\/v2\/posts\/5197\/revisions\/5201"}],"wp:featuredmedia":[{"embeddable":true,"href":"https:\/\/act-ermont.fr\/index.php?rest_route=\/wp\/v2\/media\/5198"}],"wp:attachment":[{"href":"https:\/\/act-ermont.fr\/index.php?rest_route=%2Fwp%2Fv2%2Fmedia&parent=5197"}],"wp:term":[{"taxonomy":"category","embeddable":true,"href":"https:\/\/act-ermont.fr\/index.php?rest_route=%2Fwp%2Fv2%2Fcategories&post=5197"},{"taxonomy":"post_tag","embeddable":true,"href":"https:\/\/act-ermont.fr\/index.php?rest_route=%2Fwp%2Fv2%2Ftags&post=5197"}],"curies":[{"name":"wp","href":"https:\/\/api.w.org\/{rel}","templated":true}]}}