{"id":5205,"date":"2025-09-13T13:47:59","date_gmt":"2025-09-13T13:47:59","guid":{"rendered":"https:\/\/act-ermont.fr\/?p=5205"},"modified":"2025-09-16T17:55:51","modified_gmt":"2025-09-16T17:55:51","slug":"listing-rentree-ecole-de-tennis-sept-25","status":"publish","type":"post","link":"https:\/\/act-ermont.fr\/?p=5205","title":{"rendered":"Listing rentr\u00e9e Ecole de Tennis Sept 25"},"content":{"rendered":"<p>ENFIN !<\/p>\n<p>&nbsp;<\/p>\n<p>L&rsquo;Ecole de Tennis fait sa rentr\u00e9e !<\/p>\n<p>Vous trouverez, sur le lien suivant, le tableau complet. Normalement, lors de votre inscription, nous avons d\u00fb vous donner le ou les cr\u00e9neau(x). Ou alors, vous avez \u00e9t\u00e9 contact\u00e9 par l&rsquo;Equipe P\u00e9dagogique.<\/p>\n<p><a href=\"https:\/\/acrobat.adobe.com\/id\/urn:aaid:sc:EU:77b42ed6-03de-4fe5-becd-76eab0f269eb\">Planning Ecole de Tennis<\/a><\/p>\n<p>&nbsp;<\/p>\n<p>Il se peut qu&rsquo;il y ait des derniers ajustements \u00e0 faire en fonction des derni\u00e8res inscriptions.<\/p>\n<p>&nbsp;<\/p>\n<p>Bonne rentr\u00e9e tennistique \u00e0 nos Jeunes !<\/p>\n<p>&nbsp;<\/p>\n<p>&nbsp;<\/p>\n","protected":false},"excerpt":{"rendered":"<div class=\"mh-excerpt\"><p>ENFIN ! &nbsp; L&rsquo;Ecole de Tennis fait sa rentr\u00e9e ! Vous trouverez, sur le lien suivant, le tableau complet. Normalement, lors de votre inscription, nous avons d\u00fb vous donner le ou les cr\u00e9neau(x). Ou alors, <a class=\"mh-excerpt-more\" href=\"https:\/\/act-ermont.fr\/?p=5205\" title=\"Listing rentr\u00e9e Ecole de Tennis Sept 25\">[&#8230;]<\/a><\/p>\n<\/div>","protected":false},"author":3,"featured_media":5206,"comment_status":"closed","ping_status":"closed","sticky":false,"template":"","format":"standard","meta":{"footnotes":""},"categories":[2,32],"tags":[],"class_list":{"0":"post-5205","1":"post","2":"type-post","3":"status-publish","4":"format-standard","5":"has-post-thumbnail","7":"category-slider","8":"category-ecoledetennis"},"_links":{"self":[{"href":"https:\/\/act-ermont.fr\/index.php?rest_route=\/wp\/v2\/posts\/5205","targetHints":{"allow":["GET"]}}],"collection":[{"href":"https:\/\/act-ermont.fr\/index.php?rest_route=\/wp\/v2\/posts"}],"about":[{"href":"https:\/\/act-ermont.fr\/index.php?rest_route=\/wp\/v2\/types\/post"}],"author":[{"embeddable":true,"href":"https:\/\/act-ermont.fr\/index.php?rest_route=\/wp\/v2\/users\/3"}],"replies":[{"embeddable":true,"href":"https:\/\/act-ermont.fr\/index.php?rest_route=%2Fwp%2Fv2%2Fcomments&post=5205"}],"version-history":[{"count":5,"href":"https:\/\/act-ermont.fr\/index.php?rest_route=\/wp\/v2\/posts\/5205\/revisions"}],"predecessor-version":[{"id":5211,"href":"https:\/\/act-ermont.fr\/index.php?rest_route=\/wp\/v2\/posts\/5205\/revisions\/5211"}],"wp:featuredmedia":[{"embeddable":true,"href":"https:\/\/act-ermont.fr\/index.php?rest_route=\/wp\/v2\/media\/5206"}],"wp:attachment":[{"href":"https:\/\/act-ermont.fr\/index.php?rest_route=%2Fwp%2Fv2%2Fmedia&parent=5205"}],"wp:term":[{"taxonomy":"category","embeddable":true,"href":"https:\/\/act-ermont.fr\/index.php?rest_route=%2Fwp%2Fv2%2Fcategories&post=5205"},{"taxonomy":"post_tag","embeddable":true,"href":"https:\/\/act-ermont.fr\/index.php?rest_route=%2Fwp%2Fv2%2Ftags&post=5205"}],"curies":[{"name":"wp","href":"https:\/\/api.w.org\/{rel}","templated":true}]}}