{"id":5216,"date":"2025-09-28T15:34:36","date_gmt":"2025-09-28T15:34:36","guid":{"rendered":"https:\/\/act-ermont.fr\/?p=5216"},"modified":"2025-10-07T09:54:22","modified_gmt":"2025-10-07T09:54:22","slug":"stages-vacances-toussaint-2025","status":"publish","type":"post","link":"https:\/\/act-ermont.fr\/?p=5216","title":{"rendered":"Stages Vacances Toussaint 2025"},"content":{"rendered":"<p>Chers adh\u00e9rents, Chers sympathisants de l&rsquo;ACTE,<\/p>\n<p>&nbsp;<\/p>\n<p>L&rsquo;Equipe P\u00e9dagogique de l&rsquo;ACTE propose des stages pour Jeunes et Adultes durant les vacances scolaires de la Toussaint.<\/p>\n<p>&nbsp;<\/p>\n<ul>\n<li><span style=\"color: #993366;\"><strong>JEUNES :<\/strong><\/span><\/li>\n<\/ul>\n<p>Voici les cr\u00e9neaux propos\u00e9s : matin = entre 9h 12h &amp; l&rsquo;apr\u00e8s-midi entre 14h et 17h (horaires pr\u00e9cis \u00e0 confirmer aupr\u00e8s des enseignants)<\/p>\n<p>Voici les formules propos\u00e9es : 1h\/jour = 70\u20ac\u00a0 &#8211;\u00a0 2h\/jour = 120\u20ac\u00a0 &#8211;\u00a0 Intensif (toute la journ\u00e9e) = 200\u20ac<\/p>\n<p>&nbsp;<\/p>\n<p><strong>Inscription :<\/strong> <span style=\"color: #ff0000;\"><strong>UNIQUEMENT<\/strong><\/span> via le lien ci-dessous.<\/p>\n<p><a href=\"https:\/\/docs.google.com\/forms\/d\/e\/1FAIpQLSfSu10oki6PjQF8OcA-cQKPEV0HkvbKLOkQbFuOFeodLQDCWA\/viewform\">Inscription Stages Jeunes Toussaint 25<\/a><\/p>\n<p>&nbsp;<\/p>\n<ul>\n<li><span style=\"color: #008000;\"><strong>ADULTES :<\/strong><\/span><\/li>\n<\/ul>\n<p>Voici les cr\u00e9neaux propos\u00e9s : 17h30 &#8211; 19h \/ 19h &#8211; 20h30 \/ 20h30 &#8211; 22h<\/p>\n<p>Voici les formules propos\u00e9es : 1 s\u00e9ance x 1h30 = 30\u20ac \/ 2 s\u00e9ances x 1h30 = 54\u20ac \/ 3 s\u00e9ances x 1h30 = 72\u20ac \u00a7 \/ 4 s\u00e9ances x 1h30 = 84\u20ac \/ 5 s\u00e9ances x 1h30 = 90\u20ac<\/p>\n<p>&nbsp;<\/p>\n<p>ATTENTION : nous constituerons des groupes de niveaux. La constitution des groupes se fera uniquement s&rsquo;il y a un nombre minimum de participants.<\/p>\n<p>&nbsp;<\/p>\n<p><strong>Inscription :<\/strong> <span style=\"color: #ff0000;\"><strong>UNIQUEMENT<\/strong><\/span> via le lien ci-dessous.<\/p>\n<p><a href=\"https:\/\/docs.google.com\/forms\/d\/e\/1FAIpQLSdo5EWQ7pCfAHs4gdjQGCH-IH1cT_psfQK46OiuH9EaSoD2jw\/viewform\">Inscription Stages Adultes Toussaint 25<\/a><\/p>\n<p>&nbsp;<\/p>\n<p>Veuillez vite r\u00e9server votre place car celles-ci sont limit\u00e9es !<\/p>\n<p>&nbsp;<\/p>\n<p>L&rsquo;Equipe P\u00e9dagogique.<\/p>\n","protected":false},"excerpt":{"rendered":"<div class=\"mh-excerpt\"><p>Chers adh\u00e9rents, Chers sympathisants de l&rsquo;ACTE, &nbsp; L&rsquo;Equipe P\u00e9dagogique de l&rsquo;ACTE propose des stages pour Jeunes et Adultes durant les vacances scolaires de la Toussaint. &nbsp; JEUNES : Voici les cr\u00e9neaux propos\u00e9s : matin = <a class=\"mh-excerpt-more\" href=\"https:\/\/act-ermont.fr\/?p=5216\" title=\"Stages Vacances Toussaint 2025\">[&#8230;]<\/a><\/p>\n<\/div>","protected":false},"author":3,"featured_media":5217,"comment_status":"closed","ping_status":"closed","sticky":false,"template":"","format":"standard","meta":{"footnotes":""},"categories":[2,26,27],"tags":[],"class_list":{"0":"post-5216","1":"post","2":"type-post","3":"status-publish","4":"format-standard","5":"has-post-thumbnail","7":"category-slider","8":"category-stages-adultes","9":"category-stages-jeunes"},"_links":{"self":[{"href":"https:\/\/act-ermont.fr\/index.php?rest_route=\/wp\/v2\/posts\/5216","targetHints":{"allow":["GET"]}}],"collection":[{"href":"https:\/\/act-ermont.fr\/index.php?rest_route=\/wp\/v2\/posts"}],"about":[{"href":"https:\/\/act-ermont.fr\/index.php?rest_route=\/wp\/v2\/types\/post"}],"author":[{"embeddable":true,"href":"https:\/\/act-ermont.fr\/index.php?rest_route=\/wp\/v2\/users\/3"}],"replies":[{"embeddable":true,"href":"https:\/\/act-ermont.fr\/index.php?rest_route=%2Fwp%2Fv2%2Fcomments&post=5216"}],"version-history":[{"count":3,"href":"https:\/\/act-ermont.fr\/index.php?rest_route=\/wp\/v2\/posts\/5216\/revisions"}],"predecessor-version":[{"id":5226,"href":"https:\/\/act-ermont.fr\/index.php?rest_route=\/wp\/v2\/posts\/5216\/revisions\/5226"}],"wp:featuredmedia":[{"embeddable":true,"href":"https:\/\/act-ermont.fr\/index.php?rest_route=\/wp\/v2\/media\/5217"}],"wp:attachment":[{"href":"https:\/\/act-ermont.fr\/index.php?rest_route=%2Fwp%2Fv2%2Fmedia&parent=5216"}],"wp:term":[{"taxonomy":"category","embeddable":true,"href":"https:\/\/act-ermont.fr\/index.php?rest_route=%2Fwp%2Fv2%2Fcategories&post=5216"},{"taxonomy":"post_tag","embeddable":true,"href":"https:\/\/act-ermont.fr\/index.php?rest_route=%2Fwp%2Fv2%2Ftags&post=5216"}],"curies":[{"name":"wp","href":"https:\/\/api.w.org\/{rel}","templated":true}]}}