{"id":5237,"date":"2025-12-03T10:55:33","date_gmt":"2025-12-03T10:55:33","guid":{"rendered":"https:\/\/act-ermont.fr\/?p=5237"},"modified":"2025-12-03T10:55:33","modified_gmt":"2025-12-03T10:55:33","slug":"interclubs-idf-12ans-et-moins-garcons","status":"publish","type":"post","link":"https:\/\/act-ermont.fr\/?p=5237","title":{"rendered":"InterClubs IDF 12ans et moins Gar\u00e7ons"},"content":{"rendered":"<p>&gt; Division 1 . Poule B<\/p>\n<p>&nbsp;<\/p>\n<p>Voici un post r\u00e9capitulatif sur le parcours de nos 12ans et moins en comp\u00e9tition R\u00e9gionale. Cependant, notre \u00e9quipe est tomb\u00e9e dans une poule assez forte.<\/p>\n<ul>\n<li>09\/11 : Azur TC Asni\u00e8res vs ACTE : <span style=\"color: #ff0000;\">d\u00e9faite 3 &#8211; 0 \u00a0<\/span><\/li>\n<li>16\/11 : ACTE vs TC Conflans Sainte Honorine 1 : <span style=\"color: #ff0000;\">d\u00e9faite 0 &#8211; 3 \u00a0<\/span><\/li>\n<li>23\/11 : TC Ignymontain 1 vs ACTE : <span style=\"color: #008000;\">victoire 0 &#8211; 3<\/span><\/li>\n<\/ul>\n<p>&nbsp;<\/p>\n<p><strong><span style=\"color: #800080;\">RESULTAT :<\/span><\/strong> l&rsquo;\u00e9quipe finie 3\u00e8me de sa poule. Parcours compliqu\u00e9 mais nous voulons f\u00e9liciter nos joueurs (Noah &amp; Enzo) pour leur implication sans failles !<\/p>\n<p>&nbsp;<\/p>\n<h3>LET&rsquo;S GO ACTE !<\/h3>\n","protected":false},"excerpt":{"rendered":"<div class=\"mh-excerpt\"><p>&gt; Division 1 . Poule B &nbsp; Voici un post r\u00e9capitulatif sur le parcours de nos 12ans et moins en comp\u00e9tition R\u00e9gionale. Cependant, notre \u00e9quipe est tomb\u00e9e dans une poule assez forte. 09\/11 : Azur <a class=\"mh-excerpt-more\" href=\"https:\/\/act-ermont.fr\/?p=5237\" title=\"InterClubs IDF 12ans et moins Gar\u00e7ons\">[&#8230;]<\/a><\/p>\n<\/div>","protected":false},"author":3,"featured_media":5238,"comment_status":"closed","ping_status":"closed","sticky":false,"template":"","format":"standard","meta":{"footnotes":""},"categories":[2,20],"tags":[],"class_list":{"0":"post-5237","1":"post","2":"type-post","3":"status-publish","4":"format-standard","5":"has-post-thumbnail","7":"category-slider","8":"category-les-performances-de-nos-equipes"},"_links":{"self":[{"href":"https:\/\/act-ermont.fr\/index.php?rest_route=\/wp\/v2\/posts\/5237","targetHints":{"allow":["GET"]}}],"collection":[{"href":"https:\/\/act-ermont.fr\/index.php?rest_route=\/wp\/v2\/posts"}],"about":[{"href":"https:\/\/act-ermont.fr\/index.php?rest_route=\/wp\/v2\/types\/post"}],"author":[{"embeddable":true,"href":"https:\/\/act-ermont.fr\/index.php?rest_route=\/wp\/v2\/users\/3"}],"replies":[{"embeddable":true,"href":"https:\/\/act-ermont.fr\/index.php?rest_route=%2Fwp%2Fv2%2Fcomments&post=5237"}],"version-history":[{"count":1,"href":"https:\/\/act-ermont.fr\/index.php?rest_route=\/wp\/v2\/posts\/5237\/revisions"}],"predecessor-version":[{"id":5239,"href":"https:\/\/act-ermont.fr\/index.php?rest_route=\/wp\/v2\/posts\/5237\/revisions\/5239"}],"wp:featuredmedia":[{"embeddable":true,"href":"https:\/\/act-ermont.fr\/index.php?rest_route=\/wp\/v2\/media\/5238"}],"wp:attachment":[{"href":"https:\/\/act-ermont.fr\/index.php?rest_route=%2Fwp%2Fv2%2Fmedia&parent=5237"}],"wp:term":[{"taxonomy":"category","embeddable":true,"href":"https:\/\/act-ermont.fr\/index.php?rest_route=%2Fwp%2Fv2%2Fcategories&post=5237"},{"taxonomy":"post_tag","embeddable":true,"href":"https:\/\/act-ermont.fr\/index.php?rest_route=%2Fwp%2Fv2%2Ftags&post=5237"}],"curies":[{"name":"wp","href":"https:\/\/api.w.org\/{rel}","templated":true}]}}