{"id":5244,"date":"2025-12-11T10:13:51","date_gmt":"2025-12-11T10:13:51","guid":{"rendered":"https:\/\/act-ermont.fr\/?p=5244"},"modified":"2025-12-11T10:13:51","modified_gmt":"2025-12-11T10:13:51","slug":"resultats-coupes-caren-idf-65ans-messieurs","status":"publish","type":"post","link":"https:\/\/act-ermont.fr\/?p=5244","title":{"rendered":"R\u00e9sultats Coupes CAREN + IDF +65ans Messieurs"},"content":{"rendered":"<p>Vous avez suivi les aventures de nos \u00e9quipes en Novembre et D\u00e9cembre. Mais qu&rsquo;en est-il des r\u00e9sultats finaux ?!<br \/>\nVoici un r\u00e9capitulatif !<\/p>\n<p>\ud83d\udd38 <strong>Coupe CAREN Femme +45ans (Excellence &#8211; Poule Unique) :<\/strong><br \/>\nAvec 2 victoires et 2 d\u00e9faites, l&rsquo;\u00e9quipe se classe 4\u00e8me sur 5 de sa poule.<\/p>\n<p>Bien que le r\u00e9sultat ne soit pas celui escompt\u00e9, nous voulons f\u00e9liciter les joueuses : <span class=\"xv78j7m\" spellcheck=\"false\">Florence Dureuil<\/span> &#8211; Ga\u00eblle SAMSON &#8211; Dulce <span class=\"xv78j7m\" spellcheck=\"false\">Douce Lomet<\/span> &#8211; Omaira RAMOS &#8211; Malika KARECHE &#8211; Fran\u00e7oise LUCCHINI<\/p>\n<p>(H\u00e9las pas de photo d&rsquo;\u00e9quipe)<\/p>\n<p>\ud83d\udd38<strong> Coupe CAREN Homme +45ans (Excellence &#8211; Poule Unique) :<\/strong><br \/>\nAvec 4 victoires et 1 d\u00e9faite, l&rsquo;\u00e9quipe se classe 2nd sur 6 de sa poule.<\/p>\n<p>L&rsquo;\u00e9quipe n&rsquo;est pas loin de monter en Pr\u00e9-National. Nous voulons f\u00e9liciter les joueurs : C\u00e9dric PERON (photo) &#8211; Vincent DESAGA &#8211; Richard <span class=\"xv78j7m\" spellcheck=\"false\">Richard Nguyen (photo)<\/span> &#8211; Romain DARDART &#8211; Nicolas BIDART (photo)<\/p>\n<p><img loading=\"lazy\" decoding=\"async\" class=\"alignnone  wp-image-5247\" src=\"https:\/\/act-ermont.fr\/wp-content\/uploads\/2025\/12\/Messieurs-45ans-CAREN-225x300.jpeg\" alt=\"\" width=\"222\" height=\"296\" srcset=\"https:\/\/act-ermont.fr\/wp-content\/uploads\/2025\/12\/Messieurs-45ans-CAREN-225x300.jpeg 225w, https:\/\/act-ermont.fr\/wp-content\/uploads\/2025\/12\/Messieurs-45ans-CAREN-768x1024.jpeg 768w, https:\/\/act-ermont.fr\/wp-content\/uploads\/2025\/12\/Messieurs-45ans-CAREN-1152x1536.jpeg 1152w, https:\/\/act-ermont.fr\/wp-content\/uploads\/2025\/12\/Messieurs-45ans-CAREN.jpeg 1500w\" sizes=\"auto, (max-width: 222px) 100vw, 222px\" \/><\/p>\n<p>\ud83d\udd38 <strong>Coupe CAREN Homme +55ans (1\u00e8re Div. &#8211; Poule A) :<\/strong><br \/>\nAvec 3 victoires et 1 d\u00e9faite, l&rsquo;\u00e9quipe se classe 2nd sur 5 de sa poule.<\/p>\n<p>L&rsquo;\u00e9quipe effectue un beau parcours mais ne jouera pas h\u00e9las la finale en play-off. Nous voulons f\u00e9liciter les joueurs : Fabien LOMET (photo) &#8211; <span class=\"xv78j7m\" spellcheck=\"false\">Laurencin Obertan (photo)<\/span> &#8211; Jo\u00ebl ANGELINI (photo) &#8211; Yves STUNIC &#8211; Yann CAREL<\/p>\n<p><img loading=\"lazy\" decoding=\"async\" class=\"alignnone  wp-image-5245\" src=\"https:\/\/act-ermont.fr\/wp-content\/uploads\/2025\/12\/55ans-J3-300x201.jpg\" alt=\"\" width=\"325\" height=\"218\" srcset=\"https:\/\/act-ermont.fr\/wp-content\/uploads\/2025\/12\/55ans-J3-300x201.jpg 300w, https:\/\/act-ermont.fr\/wp-content\/uploads\/2025\/12\/55ans-J3-1024x685.jpg 1024w, https:\/\/act-ermont.fr\/wp-content\/uploads\/2025\/12\/55ans-J3-768x514.jpg 768w, https:\/\/act-ermont.fr\/wp-content\/uploads\/2025\/12\/55ans-J3-1536x1027.jpg 1536w, https:\/\/act-ermont.fr\/wp-content\/uploads\/2025\/12\/55ans-J3.jpg 1606w\" sizes=\"auto, (max-width: 325px) 100vw, 325px\" \/><\/p>\n<p>\ud83d\udd38 <strong>Championnat \u00cele-de-France Pr\u00e9-National Homme +65ans (Div. Promotion &#8211; Poule B) :<\/strong><\/p>\n<p>Avec 3 victoires et 2 nuls, l&rsquo;\u00e9quipe se classe 1\u00e8re sur 5 de sa poule.<\/p>\n<p>L&rsquo;\u00e9quipe jouera donc en division Pr\u00e9-Nationale la saison prochaine ! Nous voulons f\u00e9liciter les joueurs : Alain BOUCHARD (photo) &#8211; Prosper ETIENNE (photo) &#8211; Philippe BALLOY (photo) &#8211; Dominique DIETRICH (photo) &#8211; Jos\u00e9 GASCUENA<\/p>\n<p><img loading=\"lazy\" decoding=\"async\" class=\"alignnone  wp-image-5246\" src=\"https:\/\/act-ermont.fr\/wp-content\/uploads\/2025\/12\/ACTE-J1-65ans-et-plus-300x225.jpeg\" alt=\"\" width=\"329\" height=\"247\" srcset=\"https:\/\/act-ermont.fr\/wp-content\/uploads\/2025\/12\/ACTE-J1-65ans-et-plus-300x225.jpeg 300w, https:\/\/act-ermont.fr\/wp-content\/uploads\/2025\/12\/ACTE-J1-65ans-et-plus-1024x768.jpeg 1024w, https:\/\/act-ermont.fr\/wp-content\/uploads\/2025\/12\/ACTE-J1-65ans-et-plus-768x576.jpeg 768w, https:\/\/act-ermont.fr\/wp-content\/uploads\/2025\/12\/ACTE-J1-65ans-et-plus-1536x1152.jpeg 1536w, https:\/\/act-ermont.fr\/wp-content\/uploads\/2025\/12\/ACTE-J1-65ans-et-plus-678x509.jpeg 678w, https:\/\/act-ermont.fr\/wp-content\/uploads\/2025\/12\/ACTE-J1-65ans-et-plus-326x245.jpeg 326w, https:\/\/act-ermont.fr\/wp-content\/uploads\/2025\/12\/ACTE-J1-65ans-et-plus-80x60.jpeg 80w, https:\/\/act-ermont.fr\/wp-content\/uploads\/2025\/12\/ACTE-J1-65ans-et-plus.jpeg 2048w\" sizes=\"auto, (max-width: 329px) 100vw, 329px\" \/><\/p>\n<p>De belles rencontres acharn\u00e9es ont eu lieu !<br \/>\nDes d\u00e9ceptions et des joies : c&rsquo;est le sport.<br \/>\nRDV aux prochaines rencontres \u00e9quipes pour la suite des \u00e9v\u00e9nements !<\/p>\n<p>&nbsp;<\/p>\n<p>ALLEZ l&rsquo;ACTE !<\/p>\n<p>&nbsp;<\/p>\n<p>&nbsp;<\/p>\n","protected":false},"excerpt":{"rendered":"<div class=\"mh-excerpt\"><p>Vous avez suivi les aventures de nos \u00e9quipes en Novembre et D\u00e9cembre. Mais qu&rsquo;en est-il des r\u00e9sultats finaux ?! Voici un r\u00e9capitulatif ! \ud83d\udd38 Coupe CAREN Femme +45ans (Excellence &#8211; Poule Unique) : Avec 2 <a class=\"mh-excerpt-more\" href=\"https:\/\/act-ermont.fr\/?p=5244\" title=\"R\u00e9sultats Coupes CAREN + IDF +65ans Messieurs\">[&#8230;]<\/a><\/p>\n<\/div>","protected":false},"author":3,"featured_media":5247,"comment_status":"closed","ping_status":"closed","sticky":false,"template":"","format":"standard","meta":{"footnotes":""},"categories":[2,20],"tags":[],"class_list":{"0":"post-5244","1":"post","2":"type-post","3":"status-publish","4":"format-standard","5":"has-post-thumbnail","7":"category-slider","8":"category-les-performances-de-nos-equipes"},"_links":{"self":[{"href":"https:\/\/act-ermont.fr\/index.php?rest_route=\/wp\/v2\/posts\/5244","targetHints":{"allow":["GET"]}}],"collection":[{"href":"https:\/\/act-ermont.fr\/index.php?rest_route=\/wp\/v2\/posts"}],"about":[{"href":"https:\/\/act-ermont.fr\/index.php?rest_route=\/wp\/v2\/types\/post"}],"author":[{"embeddable":true,"href":"https:\/\/act-ermont.fr\/index.php?rest_route=\/wp\/v2\/users\/3"}],"replies":[{"embeddable":true,"href":"https:\/\/act-ermont.fr\/index.php?rest_route=%2Fwp%2Fv2%2Fcomments&post=5244"}],"version-history":[{"count":1,"href":"https:\/\/act-ermont.fr\/index.php?rest_route=\/wp\/v2\/posts\/5244\/revisions"}],"predecessor-version":[{"id":5248,"href":"https:\/\/act-ermont.fr\/index.php?rest_route=\/wp\/v2\/posts\/5244\/revisions\/5248"}],"wp:featuredmedia":[{"embeddable":true,"href":"https:\/\/act-ermont.fr\/index.php?rest_route=\/wp\/v2\/media\/5247"}],"wp:attachment":[{"href":"https:\/\/act-ermont.fr\/index.php?rest_route=%2Fwp%2Fv2%2Fmedia&parent=5244"}],"wp:term":[{"taxonomy":"category","embeddable":true,"href":"https:\/\/act-ermont.fr\/index.php?rest_route=%2Fwp%2Fv2%2Fcategories&post=5244"},{"taxonomy":"post_tag","embeddable":true,"href":"https:\/\/act-ermont.fr\/index.php?rest_route=%2Fwp%2Fv2%2Ftags&post=5244"}],"curies":[{"name":"wp","href":"https:\/\/api.w.org\/{rel}","templated":true}]}}