{"id":5305,"date":"2026-04-28T16:15:55","date_gmt":"2026-04-28T16:15:55","guid":{"rendered":"https:\/\/act-ermont.fr\/?p=5305"},"modified":"2026-04-28T16:15:55","modified_gmt":"2026-04-28T16:15:55","slug":"tournoi-open-jeunes-acte","status":"publish","type":"post","link":"https:\/\/act-ermont.fr\/?p=5305","title":{"rendered":"Tournoi Open Jeunes ACTE"},"content":{"rendered":"<p>Chers adh\u00e9rents,<\/p>\n<p>&nbsp;<\/p>\n<p>Du 18 au 25 Avril 2026, le tournoi jeunes 11\/18ans s&rsquo;est d\u00e9roul\u00e9 au sein du club.<\/p>\n<p>Ici, retrouvez tous les r\u00e9sultats de chaque cat\u00e9gorie :<\/p>\n<p>&nbsp;<\/p>\n<ul>\n<li><span style=\"color: #800080;\"><strong>11\/12ans Filles :\u00a0<\/strong><\/span><\/li>\n<\/ul>\n<p><strong>Louise CALVE (30\/2)(T.S Maisons Laffite)<\/strong> vs Kim Audrey ZAMBOU WANDJI (30\/2)(Cormeillais ACS) : 6\/3 6\/0<\/p>\n<p><img loading=\"lazy\" decoding=\"async\" class=\"alignnone size-medium wp-image-5306\" src=\"https:\/\/act-ermont.fr\/wp-content\/uploads\/2026\/04\/Finale-1112ans-Filles-224x300.jpeg\" alt=\"\" width=\"224\" height=\"300\" srcset=\"https:\/\/act-ermont.fr\/wp-content\/uploads\/2026\/04\/Finale-1112ans-Filles-224x300.jpeg 224w, https:\/\/act-ermont.fr\/wp-content\/uploads\/2026\/04\/Finale-1112ans-Filles-766x1024.jpeg 766w, https:\/\/act-ermont.fr\/wp-content\/uploads\/2026\/04\/Finale-1112ans-Filles-768x1027.jpeg 768w, https:\/\/act-ermont.fr\/wp-content\/uploads\/2026\/04\/Finale-1112ans-Filles-1149x1536.jpeg 1149w, https:\/\/act-ermont.fr\/wp-content\/uploads\/2026\/04\/Finale-1112ans-Filles.jpeg 1197w\" sizes=\"auto, (max-width: 224px) 100vw, 224px\" \/><\/p>\n<p>&nbsp;<\/p>\n<ul>\n<li><span style=\"color: #0000ff;\"><strong>11\/12ans Gar\u00e7ons :<\/strong><\/span><\/li>\n<\/ul>\n<p><strong>Marceau FERNANDES (30\/2)(CSM Eaubonne)<\/strong> vs Philippe SERAPHIN (30\/3)(Ermont ACT) : 6\/1 6\/1<\/p>\n<p><img loading=\"lazy\" decoding=\"async\" class=\"alignnone size-medium wp-image-5309\" src=\"https:\/\/act-ermont.fr\/wp-content\/uploads\/2026\/04\/Finale-1112ans-Garcons-225x300.jpeg\" alt=\"\" width=\"225\" height=\"300\" srcset=\"https:\/\/act-ermont.fr\/wp-content\/uploads\/2026\/04\/Finale-1112ans-Garcons-225x300.jpeg 225w, https:\/\/act-ermont.fr\/wp-content\/uploads\/2026\/04\/Finale-1112ans-Garcons-768x1024.jpeg 768w, https:\/\/act-ermont.fr\/wp-content\/uploads\/2026\/04\/Finale-1112ans-Garcons-1152x1536.jpeg 1152w, https:\/\/act-ermont.fr\/wp-content\/uploads\/2026\/04\/Finale-1112ans-Garcons.jpeg 1200w\" sizes=\"auto, (max-width: 225px) 100vw, 225px\" \/><\/p>\n<p>&nbsp;<\/p>\n<ul>\n<li><span style=\"color: #800080;\"><strong>13\/14ans Filles :\u00a0<\/strong><\/span><\/li>\n<\/ul>\n<p><strong>Iris GORGAN (30\/1)(Rueil Athl\u00e9tic Club)<\/strong> vs Ava THOMAS (30\/1)(TC du M\u00e9nil) : 6\/2 6\/3<\/p>\n<p><img loading=\"lazy\" decoding=\"async\" class=\"alignnone size-medium wp-image-5307\" src=\"https:\/\/act-ermont.fr\/wp-content\/uploads\/2026\/04\/Finale-1314ans-Filles-224x300.jpeg\" alt=\"\" width=\"224\" height=\"300\" srcset=\"https:\/\/act-ermont.fr\/wp-content\/uploads\/2026\/04\/Finale-1314ans-Filles-224x300.jpeg 224w, https:\/\/act-ermont.fr\/wp-content\/uploads\/2026\/04\/Finale-1314ans-Filles-766x1024.jpeg 766w, https:\/\/act-ermont.fr\/wp-content\/uploads\/2026\/04\/Finale-1314ans-Filles-768x1027.jpeg 768w, https:\/\/act-ermont.fr\/wp-content\/uploads\/2026\/04\/Finale-1314ans-Filles-1149x1536.jpeg 1149w, https:\/\/act-ermont.fr\/wp-content\/uploads\/2026\/04\/Finale-1314ans-Filles.jpeg 1197w\" sizes=\"auto, (max-width: 224px) 100vw, 224px\" \/><\/p>\n<p>&nbsp;<\/p>\n<ul>\n<li><span style=\"color: #0000ff;\"><strong>13\/14ans Gar\u00e7ons :\u00a0<\/strong><\/span><\/li>\n<\/ul>\n<p><strong>Hugo GENTON (15\/5)(Valloire Tennis)<\/strong> vs Enzo PHAM-ZOUAOUI (30)(Ermont ACT) : 6\/4 6\/3<\/p>\n<p><img loading=\"lazy\" decoding=\"async\" class=\"alignnone size-medium wp-image-5310\" src=\"https:\/\/act-ermont.fr\/wp-content\/uploads\/2026\/04\/Finale-1314ans-Garcons-225x300.jpeg\" alt=\"\" width=\"225\" height=\"300\" srcset=\"https:\/\/act-ermont.fr\/wp-content\/uploads\/2026\/04\/Finale-1314ans-Garcons-225x300.jpeg 225w, https:\/\/act-ermont.fr\/wp-content\/uploads\/2026\/04\/Finale-1314ans-Garcons-768x1024.jpeg 768w, https:\/\/act-ermont.fr\/wp-content\/uploads\/2026\/04\/Finale-1314ans-Garcons-1152x1536.jpeg 1152w, https:\/\/act-ermont.fr\/wp-content\/uploads\/2026\/04\/Finale-1314ans-Garcons.jpeg 1536w\" sizes=\"auto, (max-width: 225px) 100vw, 225px\" \/><\/p>\n<p>&nbsp;<\/p>\n<ul>\n<li><span style=\"color: #800080;\"><strong>15\/16ans Filles :\u00a0<\/strong><\/span><\/li>\n<\/ul>\n<p><strong>Emma LARPENT (30\/1)(TC Colombes)<\/strong> vs Manon GROULT (30)(TC Colombes) : 6\/4 7\/6(8)<\/p>\n<p>&nbsp;<\/p>\n<ul>\n<li><span style=\"color: #0000ff;\"><strong>15\/16ans Gar\u00e7ons :<\/strong><\/span><\/li>\n<\/ul>\n<p><strong>Tom GRIMOUX ZAVAGNO (15\/4)(TC Chatou)<\/strong> vs Gaspard PFIRSCH (15\/5)(CS Clichy) : 6\/2 Ab.<\/p>\n<p><img loading=\"lazy\" decoding=\"async\" class=\"alignnone size-medium wp-image-5311\" src=\"https:\/\/act-ermont.fr\/wp-content\/uploads\/2026\/04\/Finale-1516ans-Garcons-300x225.jpeg\" alt=\"\" width=\"300\" height=\"225\" srcset=\"https:\/\/act-ermont.fr\/wp-content\/uploads\/2026\/04\/Finale-1516ans-Garcons-300x225.jpeg 300w, https:\/\/act-ermont.fr\/wp-content\/uploads\/2026\/04\/Finale-1516ans-Garcons-1024x768.jpeg 1024w, https:\/\/act-ermont.fr\/wp-content\/uploads\/2026\/04\/Finale-1516ans-Garcons-768x576.jpeg 768w, https:\/\/act-ermont.fr\/wp-content\/uploads\/2026\/04\/Finale-1516ans-Garcons-1536x1152.jpeg 1536w, https:\/\/act-ermont.fr\/wp-content\/uploads\/2026\/04\/Finale-1516ans-Garcons-678x509.jpeg 678w, https:\/\/act-ermont.fr\/wp-content\/uploads\/2026\/04\/Finale-1516ans-Garcons-326x245.jpeg 326w, https:\/\/act-ermont.fr\/wp-content\/uploads\/2026\/04\/Finale-1516ans-Garcons-80x60.jpeg 80w, https:\/\/act-ermont.fr\/wp-content\/uploads\/2026\/04\/Finale-1516ans-Garcons.jpeg 2048w\" sizes=\"auto, (max-width: 300px) 100vw, 300px\" \/><\/p>\n<p>&nbsp;<\/p>\n<ul>\n<li><span style=\"color: #800080;\"><strong>17\/18ans Filles :\u00a0<\/strong><\/span><\/li>\n<\/ul>\n<p><strong>Shundel VRIELYNCK (15\/4)(TC Houilles)<\/strong> vs Laure KERGOAT (30\/2)(Ermont ACT) : 6\/4 6\/1<\/p>\n<p><img loading=\"lazy\" decoding=\"async\" class=\"alignnone size-medium wp-image-5308\" src=\"https:\/\/act-ermont.fr\/wp-content\/uploads\/2026\/04\/Finale-1718ans-Filles-225x300.jpeg\" alt=\"\" width=\"225\" height=\"300\" srcset=\"https:\/\/act-ermont.fr\/wp-content\/uploads\/2026\/04\/Finale-1718ans-Filles-225x300.jpeg 225w, https:\/\/act-ermont.fr\/wp-content\/uploads\/2026\/04\/Finale-1718ans-Filles-768x1024.jpeg 768w, https:\/\/act-ermont.fr\/wp-content\/uploads\/2026\/04\/Finale-1718ans-Filles-1152x1536.jpeg 1152w, https:\/\/act-ermont.fr\/wp-content\/uploads\/2026\/04\/Finale-1718ans-Filles.jpeg 1536w\" sizes=\"auto, (max-width: 225px) 100vw, 225px\" \/><\/p>\n<p>&nbsp;<\/p>\n<ul>\n<li><span style=\"color: #0000ff;\"><strong>17\/18ans Gar\u00e7ons :\u00a0<\/strong><\/span><\/li>\n<\/ul>\n<p><strong>Raphael FERNANDES (15\/2)(M\u00e9ru TC)<\/strong> vs Martin DE SANTIGNON (15\/3)(Azur TC Asni\u00e8res) : 6\/2 6\/3<\/p>\n<p><img loading=\"lazy\" decoding=\"async\" class=\"alignnone size-medium wp-image-5312\" src=\"https:\/\/act-ermont.fr\/wp-content\/uploads\/2026\/04\/Finale-1718ans-Garcons-300x224.jpeg\" alt=\"\" width=\"300\" height=\"224\" srcset=\"https:\/\/act-ermont.fr\/wp-content\/uploads\/2026\/04\/Finale-1718ans-Garcons-300x224.jpeg 300w, https:\/\/act-ermont.fr\/wp-content\/uploads\/2026\/04\/Finale-1718ans-Garcons-1024x766.jpeg 1024w, https:\/\/act-ermont.fr\/wp-content\/uploads\/2026\/04\/Finale-1718ans-Garcons-768x575.jpeg 768w, https:\/\/act-ermont.fr\/wp-content\/uploads\/2026\/04\/Finale-1718ans-Garcons-1536x1149.jpeg 1536w, https:\/\/act-ermont.fr\/wp-content\/uploads\/2026\/04\/Finale-1718ans-Garcons-678x509.jpeg 678w, https:\/\/act-ermont.fr\/wp-content\/uploads\/2026\/04\/Finale-1718ans-Garcons-326x245.jpeg 326w, https:\/\/act-ermont.fr\/wp-content\/uploads\/2026\/04\/Finale-1718ans-Garcons-80x60.jpeg 80w, https:\/\/act-ermont.fr\/wp-content\/uploads\/2026\/04\/Finale-1718ans-Garcons.jpeg 1600w\" sizes=\"auto, (max-width: 300px) 100vw, 300px\" \/><\/p>\n<p>&nbsp;<\/p>\n<p>&nbsp;<\/p>\n<p>A tr\u00e8s vite sur nos courts !<\/p>\n<p>L&rsquo;ACTE, un Club dynamique !<\/p>\n<p>&nbsp;<\/p>\n","protected":false},"excerpt":{"rendered":"<div class=\"mh-excerpt\"><p>Chers adh\u00e9rents, &nbsp; Du 18 au 25 Avril 2026, le tournoi jeunes 11\/18ans s&rsquo;est d\u00e9roul\u00e9 au sein du club. Ici, retrouvez tous les r\u00e9sultats de chaque cat\u00e9gorie : &nbsp; 11\/12ans Filles :\u00a0 Louise CALVE (30\/2)(T.S <a class=\"mh-excerpt-more\" href=\"https:\/\/act-ermont.fr\/?p=5305\" title=\"Tournoi Open Jeunes ACTE\">[&#8230;]<\/a><\/p>\n<\/div>","protected":false},"author":3,"featured_media":5120,"comment_status":"closed","ping_status":"closed","sticky":false,"template":"","format":"standard","meta":{"footnotes":""},"categories":[2,30],"tags":[],"class_list":{"0":"post-5305","1":"post","2":"type-post","3":"status-publish","4":"format-standard","5":"has-post-thumbnail","7":"category-slider","8":"category-tournoi-open"},"_links":{"self":[{"href":"https:\/\/act-ermont.fr\/index.php?rest_route=\/wp\/v2\/posts\/5305","targetHints":{"allow":["GET"]}}],"collection":[{"href":"https:\/\/act-ermont.fr\/index.php?rest_route=\/wp\/v2\/posts"}],"about":[{"href":"https:\/\/act-ermont.fr\/index.php?rest_route=\/wp\/v2\/types\/post"}],"author":[{"embeddable":true,"href":"https:\/\/act-ermont.fr\/index.php?rest_route=\/wp\/v2\/users\/3"}],"replies":[{"embeddable":true,"href":"https:\/\/act-ermont.fr\/index.php?rest_route=%2Fwp%2Fv2%2Fcomments&post=5305"}],"version-history":[{"count":1,"href":"https:\/\/act-ermont.fr\/index.php?rest_route=\/wp\/v2\/posts\/5305\/revisions"}],"predecessor-version":[{"id":5313,"href":"https:\/\/act-ermont.fr\/index.php?rest_route=\/wp\/v2\/posts\/5305\/revisions\/5313"}],"wp:featuredmedia":[{"embeddable":true,"href":"https:\/\/act-ermont.fr\/index.php?rest_route=\/wp\/v2\/media\/5120"}],"wp:attachment":[{"href":"https:\/\/act-ermont.fr\/index.php?rest_route=%2Fwp%2Fv2%2Fmedia&parent=5305"}],"wp:term":[{"taxonomy":"category","embeddable":true,"href":"https:\/\/act-ermont.fr\/index.php?rest_route=%2Fwp%2Fv2%2Fcategories&post=5305"},{"taxonomy":"post_tag","embeddable":true,"href":"https:\/\/act-ermont.fr\/index.php?rest_route=%2Fwp%2Fv2%2Ftags&post=5305"}],"curies":[{"name":"wp","href":"https:\/\/api.w.org\/{rel}","templated":true}]}}