{"id":5364,"date":"2026-09-04T15:09:46","date_gmt":"2026-09-04T15:09:46","guid":{"rendered":"https:\/\/act-ermont.fr\/?p=5364"},"modified":"2026-09-04T15:09:46","modified_gmt":"2026-09-04T15:09:46","slug":"acte-planning-ecole-de-tennis-26-27","status":"publish","type":"post","link":"https:\/\/act-ermont.fr\/?p=5364","title":{"rendered":"ACTE &#8211; Planning Ecole de Tennis 26\/27"},"content":{"rendered":"<p>Chers jeunes adh\u00e9rents, Chers parents,<\/p>\n<p>&nbsp;<\/p>\n<p>L&rsquo;ACT Ermont fait sa rentr\u00e9e des classes !<\/p>\n<p>Veuillez trouvez sur le lien suivant la constitution des groupes avec le jour, la couleur de niveau et le cr\u00e9neau horaire :\u00a0<a href=\"https:\/\/acrobat.adobe.com\/id\/urn:aaid:sc:EU:35bb6122-7c09-4938-8dbd-28edc3571153\">Planning Ecole de Tennis 2027<\/a><\/p>\n<p><span style=\"color: #ff0000;\"><strong>L&rsquo;Ecole de tennis d\u00e9bute d\u00e8s le samedi 12 Septembre ! Celles et ceux du mercredi d\u00e9buteront donc le 16 Septembre.<\/strong><\/span><\/p>\n<p>&nbsp;<\/p>\n<p>Nous avons h\u00e2te de vous retrouver sur les courts !<\/p>\n<p>L&rsquo;Equipe de l&rsquo;ACTE.<\/p>\n","protected":false},"excerpt":{"rendered":"<div class=\"mh-excerpt\"><p>Chers jeunes adh\u00e9rents, Chers parents, &nbsp; L&rsquo;ACT Ermont fait sa rentr\u00e9e des classes ! Veuillez trouvez sur le lien suivant la constitution des groupes avec le jour, la couleur de niveau et le cr\u00e9neau horaire <a class=\"mh-excerpt-more\" href=\"https:\/\/act-ermont.fr\/?p=5364\" title=\"ACTE &#8211; Planning Ecole de Tennis 26\/27\">[&#8230;]<\/a><\/p>\n<\/div>","protected":false},"author":3,"featured_media":5365,"comment_status":"closed","ping_status":"closed","sticky":false,"template":"","format":"standard","meta":{"footnotes":""},"categories":[2,32],"tags":[],"class_list":["post-5364","post","type-post","status-publish","format-standard","has-post-thumbnail","category-slider","category-ecoledetennis"],"_links":{"self":[{"href":"https:\/\/act-ermont.fr\/index.php?rest_route=\/wp\/v2\/posts\/5364","targetHints":{"allow":["GET"]}}],"collection":[{"href":"https:\/\/act-ermont.fr\/index.php?rest_route=\/wp\/v2\/posts"}],"about":[{"href":"https:\/\/act-ermont.fr\/index.php?rest_route=\/wp\/v2\/types\/post"}],"author":[{"embeddable":true,"href":"https:\/\/act-ermont.fr\/index.php?rest_route=\/wp\/v2\/users\/3"}],"replies":[{"embeddable":true,"href":"https:\/\/act-ermont.fr\/index.php?rest_route=%2Fwp%2Fv2%2Fcomments&post=5364"}],"version-history":[{"count":1,"href":"https:\/\/act-ermont.fr\/index.php?rest_route=\/wp\/v2\/posts\/5364\/revisions"}],"predecessor-version":[{"id":5366,"href":"https:\/\/act-ermont.fr\/index.php?rest_route=\/wp\/v2\/posts\/5364\/revisions\/5366"}],"wp:featuredmedia":[{"embeddable":true,"href":"https:\/\/act-ermont.fr\/index.php?rest_route=\/wp\/v2\/media\/5365"}],"wp:attachment":[{"href":"https:\/\/act-ermont.fr\/index.php?rest_route=%2Fwp%2Fv2%2Fmedia&parent=5364"}],"wp:term":[{"taxonomy":"category","embeddable":true,"href":"https:\/\/act-ermont.fr\/index.php?rest_route=%2Fwp%2Fv2%2Fcategories&post=5364"},{"taxonomy":"post_tag","embeddable":true,"href":"https:\/\/act-ermont.fr\/index.php?rest_route=%2Fwp%2Fv2%2Ftags&post=5364"}],"curies":[{"name":"wp","href":"https:\/\/api.w.org\/{rel}","templated":true}]}}